{"id":832,"date":"2024-06-20T09:14:11","date_gmt":"2024-06-20T09:14:11","guid":{"rendered":"https:\/\/astres-espace.fr\/?p=832"},"modified":"2026-01-03T10:36:21","modified_gmt":"2026-01-03T09:36:21","slug":"prevenir-et-reguler-notre-empreinte-cosmique","status":"publish","type":"post","link":"https:\/\/astres-espace.fr\/index.php\/prevenir-et-reguler-notre-empreinte-cosmique\/","title":{"rendered":"Pr\u00e9venir et r\u00e9guler\u00a0notre\u00a0empreinte cosmique\u00a0"},"content":{"rendered":"\n<p>L\u2019Homme a fait ses premiers pas sur la Lune il y a d\u00e9j\u00e0 plus de 50 ans. Aujourd\u2019hui, les challenges technologiques sont nombreux et les nouveaux projets et exp\u00e9riences scientifiques dans le deep space \u00e9closent, tandis que l\u2019acc\u00e8s \u00e0 l\u2019espace est de plus en plus simple, que ce soit dans le public ou dans le priv\u00e9. Avec plus de 5000 satellites actifs lanc\u00e9s dans l\u2019espace jusqu\u2019\u00e0 fin 2021 et plus de 10 tonnes de mat\u00e9riaux terrestres sur la surface de Mars, une question se pose: Que laissons-nous comme traces de notre passage dans le syst\u00e8me solaire et au-del\u00e0 et comment ne pas cr\u00e9er de malentendus dans les si\u00e8cles \u00e0 venir ?\u00a0<\/p>\n\n\n\n<h2 class=\"wp-block-heading\"><strong>Notre empreinte cosmique, comment la r\u00e9guler ?<\/strong><\/h2>\n\n\n\n<p>Amener l\u2019Homme sur d\u2019autres plan\u00e8tes apporte des probl\u00e9matiques de contamination mais aussi de management de d\u00e9chets ou de syst\u00e8mes ayant termin\u00e9 leur mission. Notre \u201cempreinte cosmique\u201d doit \u00eatre r\u00e9gul\u00e9e afin d\u2019anticiper de potentiels probl\u00e8mes futurs.<\/p>\n\n\n\n<ul class=\"wp-block-list\">\n<li><strong>Un registre proc\u00e9dural\u00a0<\/strong>mis \u00e0 jour r\u00e9guli\u00e8rement pourrait \u00eatre impl\u00e9ment\u00e9 afin de garder une trace des comportements humains atteignant le deep space et une d\u00e9finition stricte des niveaux de st\u00e9rilisation pourrait \u00eatre prise en compte pour chaque objet quittant notre plan\u00e8te.\u00a0<\/li>\n\n\n\n<li>Par ailleurs, aucune loi concernant la colonisation contr\u00f4l\u00e9e d\u2019autres astres n\u2019a \u00e9t\u00e9 promulgu\u00e9e pour le moment, qu&#8217;elle soit humaine ou robotique. Il serait pertinent de travailler sur une proposition de loi fran\u00e7aise et europ\u00e9enne pour\u00a0<strong>encadrer la colonisation des astres<\/strong>\u00a0par des institutions publiques ou priv\u00e9es sur des aspects de pr\u00e9servation de l\u2019environnement, d\u2019exploitation et de juridiction sur place.<\/li>\n<\/ul>\n\n\n\n<div class=\"wp-block-group alignfull has-pale-cyan-blue-background-color has-background is-layout-constrained wp-block-group-is-layout-constrained\">\n<div class=\"wp-block-columns is-layout-flex wp-container-core-columns-is-layout-28f84493 wp-block-columns-is-layout-flex\">\n<div class=\"wp-block-column is-layout-flow wp-block-column-is-layout-flow\" style=\"flex-basis:100%\">\n<p><strong>L\u2019exploration humaine d\u2019autres plan\u00e8tes peut para\u00eetre lointaine mais une r\u00e9flexion sur les aspects mentionn\u00e9s ci-dessus serait en mesure\u00a0<strong>d\u2019anticiper\u00a0<\/strong>les potentiels chass\u00e9-crois\u00e9s et\u00a0<strong>d\u2019impliquer\u00a0<\/strong>les instances gouvernementales comp\u00e9tentes.<\/strong><\/p>\n<\/div>\n<\/div>\n<\/div>\n\n\n\n<div class=\"wp-block-group has-small-font-size is-layout-constrained wp-block-group-is-layout-constrained\">\n<h4 class=\"wp-block-heading\">Sources<\/h4>\n\n\n\n<ul class=\"wp-block-list\">\n<li>Dan, R. \u201cQuand Le Capitalisme Se R\u00eave Un Destin Cosmique.\u201d Lvsl.fr &#8211; Tout Reconstruire, Tout R\u00e9inventer, 8 Jan. 2022, lvsl.fr\/quand-le-capitalisme-se-re%CC%82ve-un-destincosmique\/#:~:text=En%202020%2C%201%20283%20satellites<\/li>\n\n\n\n<li>\u201cListe Des Objets Artificiels Sur Mars.\u201d Wikipedia, 29 Apr. 2023,\u00a0fr.wikipedia.org\/wiki\/Liste_des_objets_artificiels_sur_Mars#:~:text=2%20Liste<\/li>\n\n\n\n<li>\u201cLarge scales ?\u201d SpaceEthics.org,\u00a0www.spaceethics.org\/<\/li>\n<\/ul>\n<\/div>\n","protected":false},"excerpt":{"rendered":"<p>L\u2019Homme a fait ses premiers pas sur la Lune il y a d\u00e9j\u00e0 plus de 50 ans. Aujourd\u2019hui, les challenges technologiques sont nombreux et les nouveaux projets et exp\u00e9riences scientifiques dans le deep space \u00e9closent, tandis que l\u2019acc\u00e8s \u00e0 l\u2019espace est de plus en plus simple, que ce soit dans le public ou dans le [&hellip;]<\/p>\n","protected":false},"author":1,"featured_media":833,"comment_status":"open","ping_status":"open","sticky":false,"template":"","format":"standard","meta":{"footnotes":""},"categories":[14],"tags":[24],"class_list":["post-832","post","type-post","status-publish","format-standard","has-post-thumbnail","hentry","category-analyses","tag-gt-exploration-spatiale"],"_links":{"self":[{"href":"https:\/\/astres-espace.fr\/index.php\/wp-json\/wp\/v2\/posts\/832","targetHints":{"allow":["GET"]}}],"collection":[{"href":"https:\/\/astres-espace.fr\/index.php\/wp-json\/wp\/v2\/posts"}],"about":[{"href":"https:\/\/astres-espace.fr\/index.php\/wp-json\/wp\/v2\/types\/post"}],"author":[{"embeddable":true,"href":"https:\/\/astres-espace.fr\/index.php\/wp-json\/wp\/v2\/users\/1"}],"replies":[{"embeddable":true,"href":"https:\/\/astres-espace.fr\/index.php\/wp-json\/wp\/v2\/comments?post=832"}],"version-history":[{"count":1,"href":"https:\/\/astres-espace.fr\/index.php\/wp-json\/wp\/v2\/posts\/832\/revisions"}],"predecessor-version":[{"id":834,"href":"https:\/\/astres-espace.fr\/index.php\/wp-json\/wp\/v2\/posts\/832\/revisions\/834"}],"wp:featuredmedia":[{"embeddable":true,"href":"https:\/\/astres-espace.fr\/index.php\/wp-json\/wp\/v2\/media\/833"}],"wp:attachment":[{"href":"https:\/\/astres-espace.fr\/index.php\/wp-json\/wp\/v2\/media?parent=832"}],"wp:term":[{"taxonomy":"category","embeddable":true,"href":"https:\/\/astres-espace.fr\/index.php\/wp-json\/wp\/v2\/categories?post=832"},{"taxonomy":"post_tag","embeddable":true,"href":"https:\/\/astres-espace.fr\/index.php\/wp-json\/wp\/v2\/tags?post=832"}],"curies":[{"name":"wp","href":"https:\/\/api.w.org\/{rel}","templated":true}]}}