{"id":792,"date":"2024-06-20T08:14:52","date_gmt":"2024-06-20T08:14:52","guid":{"rendered":"https:\/\/astres-espace.fr\/?p=792"},"modified":"2026-01-03T10:36:21","modified_gmt":"2026-01-03T09:36:21","slug":"mieux-etudier-limpact-des-lancements-sur-lenvironnement","status":"publish","type":"post","link":"https:\/\/astres-espace.fr\/index.php\/mieux-etudier-limpact-des-lancements-sur-lenvironnement\/","title":{"rendered":"Mieux \u00e9tudier l&#8217;impact des lancements sur l&#8217;environnement"},"content":{"rendered":"\n<p style=\"padding-right:var(--wp--preset--spacing--30);padding-left:var(--wp--preset--spacing--30)\">Charline Coudry et Damien Baclet, Juin 2023<\/p>\n\n\n\n<h2 class=\"wp-block-heading\" style=\"padding-right:var(--wp--preset--spacing--30);padding-left:var(--wp--preset--spacing--30)\">La r\u00e9gulation des lancements, un signal fort \u00e0 envoyer au secteur spatial<\/h2>\n\n\n\n<p style=\"padding-right:var(--wp--preset--spacing--30);padding-left:var(--wp--preset--spacing--30)\">Entre 2021 et 2022, le nombre de lancements a explos\u00e9, augmentant de 28%. Les m\u00e9ga constellations de t\u00e9l\u00e9communication en sont le premier facteur, tractant une multitude d\u2019autres applications en pleine croissance. Dans le m\u00eame temps, tr\u00e8s peu d\u2019\u00e9tudes et de normes existent concernant l\u2019impact environnemental du secteur. Les lancements, phase visible de cette cha\u00eene globale d\u2019\u00e9missions, n&#8217;\u00e9chappent pas \u00e0 la r\u00e8gle.\u00a0<\/p>\n\n\n\n<p style=\"padding-right:var(--wp--preset--spacing--30);padding-left:var(--wp--preset--spacing--30)\">A l\u2019instar du voisin a\u00e9ronautique, l\u2019argument de l\u2019infime r\u00f4le du secteur dans les \u00e9missions mondiales se retrouve r\u00e9guli\u00e8rement \u00e0 propos du spatial. Il est cependant encore plus faux dans ce cas. M\u00eame si, en effet, l\u2019impact du spatial sur le climat est infime, environ 10% du secteur a\u00e9rien, il va conna\u00eetre une croissance beaucoup plus importante et donc potentiellement rattraper rapidement l\u2019aviation. De plus, cet argument ne prend pas en compte les cons\u00e9quences sur la biodiversit\u00e9, catastrophiques \u00e0 c\u00f4t\u00e9 des bases de lancements, et pouvant influer \u00e0 un niveau plus global. Prendre de l\u2019avance en entamant les discussions sur de potentielles r\u00e9gulations est donc un sujet important et actuel.<\/p>\n\n\n\n<p style=\"padding-right:var(--wp--preset--spacing--30);padding-left:var(--wp--preset--spacing--30)\">L\u2019absence de r\u00e9gulations, environnementales ou non, \u00e0 propos des activit\u00e9s spatiales, se comprend \u00e0 plusieurs niveaux. Historiquement, l\u2019Espace est un champ militaire, et qui dit activit\u00e9s militaires, dit \u00e9galement absence de normes environnementales. Plus r\u00e9cemment, l\u2019Espace est le th\u00e9\u00e2tre d\u2019une course \u00e0 la croissance qui n\u2019incite absolument pas \u00e0 l\u2019att\u00e9nuation des \u00e9missions mais plut\u00f4t \u00e0 l\u2019innovation, la production et l\u2019industrialisation. Enfin, depuis le d\u00e9but du monopole militaire jusqu&#8217;au th\u00e9\u00e2tre \u00e9conomique actuel, personne ne conna\u00eet r\u00e9ellement l\u2019impact des activit\u00e9s spatiales sur l\u2019environnement. Comment convaincre sans argumentaire scientifique tangible et accept\u00e9 de tous ? Cette connaissance de ses propres \u00e9missions est cruciale pour entra\u00eener de profonds changements.<\/p>\n\n\n\n<p style=\"padding-right:var(--wp--preset--spacing--30);padding-left:var(--wp--preset--spacing--30)\">R\u00e9guler le spatial, quantifier son impact est n\u00e9cessaire, mais par o\u00f9 commencer ? Si une approche syst\u00e9mique est la plus \u00e0 m\u00eame de limiter les \u00e9missions du secteur, elle ne peut s\u2019appliquer sans des pr\u00e9c\u00e9dents, des r\u00e9gulations pionni\u00e8res pour cr\u00e9er une dynamique en faveur de la prise en compte de ces enjeux dans les activit\u00e9s spatiales. S\u2019int\u00e9resser \u00e0 l\u2019impact du lancement, c\u2019est envoyer un signal fort \u00e0 l\u2019ensemble des acteurs du secteur et au grand public. Commencer par r\u00e9guler ce qui est \u00e9vident, visible, et qui concerne chaque entreprise du spatial. M\u00eame si cela ne suffit \u00e9videmment pas, c\u2019est un premier pas n\u00e9cessaire.<\/p>\n\n\n\n<h2 class=\"wp-block-heading\" style=\"padding-right:var(--wp--preset--spacing--30);padding-left:var(--wp--preset--spacing--30)\">Recommandations<\/h2>\n\n\n\n<ul class=\"wp-block-list\">\n<li>Premi\u00e8rement,&nbsp;<strong>de vastes programmes de recherches<\/strong>&nbsp;sont \u00e0 financer \u00e0 propos de l\u2019impact du secteur, et particuli\u00e8rement de la phase de lancement. Si la France a \u00e9t\u00e9 leader du march\u00e9 commercial pendant de nombreuses ann\u00e9es, une fa\u00e7on de regagner ce leadership et d\u2019en insuffler sa transformation en comprenant mieux les technologies \u00e0 prioriser.&nbsp;<\/li>\n\n\n\n<li>Deuxi\u00e8mement,&nbsp;<strong>une entit\u00e9 nouvelle<\/strong>&nbsp;doit se constituer afin de porter la r\u00e9gulation des lancements \u00e0 l\u2019\u00e9chelle internationale. Rattach\u00e9e au&nbsp;<em>COPUOS&nbsp;<\/em>ou ind\u00e9pendante, ce consortium devra \u00eatre compos\u00e9 de nations, d\u2019entreprises, de scientifiques afin d\u2019aboutir \u00e0 des r\u00e9sultats de r\u00e9f\u00e9rence \u00e0 m\u00eame d\u2019infl\u00e9chir les programmes de l\u2019industrie du lanceur mondiale. Pour les discussions, s\u2019inspirer des Accords de Paris et du Protocole de Montr\u00e9al est un bon point de d\u00e9part pour transposer la norme environnementale aux activit\u00e9s extra-atmosph\u00e9riques.<\/li>\n<\/ul>\n\n\n\n<div class=\"wp-block-group alignfull has-pale-cyan-blue-background-color has-background is-layout-constrained wp-block-group-is-layout-constrained\">\n<p><strong>Des actions doivent \u00eatre entreprises d\u00e8s maintenant pour att\u00e9nuer les atteintes des activit\u00e9s spatiales sur la biodiversit\u00e9 et le climat. Ces actions engendreront dans le m\u00eame temps la viabilit\u00e9 de ces activit\u00e9s, dans un monde nouveau o\u00f9 une innovation nocive pour la plan\u00e8te ne doit plus \u00eatre propos\u00e9e.&nbsp;<\/strong><a href=\"https:\/\/sites.google.com\/u\/0\/d\/1zemx8Sd3Bamkts0bprut9pNRtFjaZzB1\/p\/1zEGKOT9-nZtROhmHMEvZRHUW330BP2WJ\/preview?authuser=0\"><\/a><\/p>\n<\/div>\n\n\n\n<p><\/p>\n","protected":false},"excerpt":{"rendered":"<p>Charline Coudry et Damien Baclet, Juin 2023 La r\u00e9gulation des lancements, un signal fort \u00e0 envoyer au secteur spatial Entre 2021 et 2022, le nombre de lancements a explos\u00e9, augmentant de 28%. Les m\u00e9ga constellations de t\u00e9l\u00e9communication en sont le premier facteur, tractant une multitude d\u2019autres applications en pleine croissance. Dans le m\u00eame temps, tr\u00e8s [&hellip;]<\/p>\n","protected":false},"author":1,"featured_media":789,"comment_status":"open","ping_status":"open","sticky":false,"template":"","format":"standard","meta":{"footnotes":""},"categories":[14],"tags":[26],"class_list":["post-792","post","type-post","status-publish","format-standard","has-post-thumbnail","hentry","category-analyses","tag-gt-developpement-durable"],"_links":{"self":[{"href":"https:\/\/astres-espace.fr\/index.php\/wp-json\/wp\/v2\/posts\/792","targetHints":{"allow":["GET"]}}],"collection":[{"href":"https:\/\/astres-espace.fr\/index.php\/wp-json\/wp\/v2\/posts"}],"about":[{"href":"https:\/\/astres-espace.fr\/index.php\/wp-json\/wp\/v2\/types\/post"}],"author":[{"embeddable":true,"href":"https:\/\/astres-espace.fr\/index.php\/wp-json\/wp\/v2\/users\/1"}],"replies":[{"embeddable":true,"href":"https:\/\/astres-espace.fr\/index.php\/wp-json\/wp\/v2\/comments?post=792"}],"version-history":[{"count":2,"href":"https:\/\/astres-espace.fr\/index.php\/wp-json\/wp\/v2\/posts\/792\/revisions"}],"predecessor-version":[{"id":795,"href":"https:\/\/astres-espace.fr\/index.php\/wp-json\/wp\/v2\/posts\/792\/revisions\/795"}],"wp:featuredmedia":[{"embeddable":true,"href":"https:\/\/astres-espace.fr\/index.php\/wp-json\/wp\/v2\/media\/789"}],"wp:attachment":[{"href":"https:\/\/astres-espace.fr\/index.php\/wp-json\/wp\/v2\/media?parent=792"}],"wp:term":[{"taxonomy":"category","embeddable":true,"href":"https:\/\/astres-espace.fr\/index.php\/wp-json\/wp\/v2\/categories?post=792"},{"taxonomy":"post_tag","embeddable":true,"href":"https:\/\/astres-espace.fr\/index.php\/wp-json\/wp\/v2\/tags?post=792"}],"curies":[{"name":"wp","href":"https:\/\/api.w.org\/{rel}","templated":true}]}}