{"id":776,"date":"2024-06-20T07:22:51","date_gmt":"2024-06-20T07:22:51","guid":{"rendered":"https:\/\/astres-espace.fr\/?p=776"},"modified":"2026-01-03T10:36:21","modified_gmt":"2026-01-03T09:36:21","slug":"user-du-spatial-dans-la-lutte-contre-le-changement-climatique","status":"publish","type":"post","link":"https:\/\/astres-espace.fr\/index.php\/user-du-spatial-dans-la-lutte-contre-le-changement-climatique\/","title":{"rendered":"User du spatial dans la\u00a0lutte contre le changement climatique"},"content":{"rendered":"\n<p style=\"padding-right:var(--wp--preset--spacing--20);padding-left:var(--wp--preset--spacing--20)\">Charline Coudry et Damien Baclet, Juin 2023<\/p>\n\n\n\n<h2 class=\"wp-block-heading\" style=\"padding-right:var(--wp--preset--spacing--30);padding-left:var(--wp--preset--spacing--30)\">Le citoyen, le spatial et le climat<\/h2>\n\n\n\n<p style=\"padding-right:var(--wp--preset--spacing--30);padding-left:var(--wp--preset--spacing--30)\">En mai 2023, la NASA d\u00e9voilait une vid\u00e9o \u00e9difiante permettant de visualiser les \u00e9missions de CO2 ainsi que leur origine. La mission\u00a0<em>Orbiting Carbon Observatory-2<\/em>, parmi tant d\u2019autres, institutionnelles ou commerciales, contribue \u00e0 la connaissance pr\u00e9cise des ph\u00e9nom\u00e8nes climatiques. Le spatial est ainsi un outil de compr\u00e9hension indispensable des changements auxquels notre plan\u00e8te fait face et de la responsabilit\u00e9 de l\u2019Homme dans ces processus. Cependant, le grand public ne le per\u00e7oit pas toujours comme tel, la qualifiant d\u2019industrie ultra-polluante et de terrain de jeu d\u2019ultra-riches. Ce sentiment populaire peut, s\u2019il persiste et se renforce, mettre en danger l\u2019ensemble du secteur et les b\u00e9n\u00e9fices soci\u00e9taux de ce dernier.<\/p>\n\n\n\n<p style=\"padding-right:var(--wp--preset--spacing--30);padding-left:var(--wp--preset--spacing--30)\">ASTRES a r\u00e9alis\u00e9 un sondage aupr\u00e8s d\u2019un public non-sp\u00e9cialiste afin d\u2019y cerner la vision du secteur et de ses enjeux. Une injonction r\u00e9guli\u00e8re \u00e9tait que le spatial \u00e9tait une industrie des plus polluantes. Cela est vrai, des premi\u00e8res actions de r\u00e9gulation sont d\u2019ailleurs n\u00e9cessaires (voir la proposition &#8220;<a href=\"https:\/\/sites.google.com\/u\/0\/d\/1zemx8Sd3Bamkts0bprut9pNRtFjaZzB1\/p\/1b9cB0BAiruecCzoXRXSAKl69s6701LpU\/preview?authuser=0\">Mieux \u00e9tudier l&#8217;impact des lancements sur l&#8217;environnement<\/a>\u201d). La surrepr\u00e9sentation de cette r\u00e9ponse compar\u00e9e \u00e0 la raret\u00e9 du r\u00f4le du secteur dans la lutte contre le r\u00e9chauffement climatique interroge.&nbsp;<\/p>\n\n\n\n<p style=\"padding-right:var(--wp--preset--spacing--30);padding-left:var(--wp--preset--spacing--30)\">En 2019, suite \u00e0 l\u2019initiative du CNES, le\u00a0<em>Space Climate Observatory\u00a0<\/em>est officiellement lanc\u00e9. Il a pour r\u00f4le de contribuer \u00e0 l\u2019adaptation des territoires par la mutualisation des outils d\u00e9velopp\u00e9es par la fili\u00e8re et les donn\u00e9es spatiales. Ainsi, il peut entra\u00eener la compr\u00e9hension par le grand public de l\u2019utilit\u00e9 du spatial dans la crise climatique. La poursuite des efforts concernant la publication et la divulgation de l\u2019apport du spatial pour le climat est n\u00e9cessaire \u00e0 travers les informations du Space Climate Observatory. C\u2019est \u00e0 travers ces actions que le grand public peut prendre conscience que le spatial n\u2019est pas qu\u2019une industrie mais aussi la cl\u00e9 de notre compr\u00e9hension des changements environnementaux. Cela peut \u00e9galement permettre un nouvel engouement citoyen pour l\u2019Espace au service de la Terre et pas que pour l\u2019exploration lointaine.\u00a0<\/p>\n\n\n\n<div class=\"wp-block-group alignfull has-pale-cyan-blue-background-color has-background is-layout-constrained wp-block-group-is-layout-constrained\">\n<div class=\"wp-block-columns is-layout-flex wp-container-core-columns-is-layout-28f84493 wp-block-columns-is-layout-flex\">\n<div class=\"wp-block-column is-layout-flow wp-block-column-is-layout-flow\" style=\"flex-basis:100%\">\n<div class=\"wp-block-columns is-layout-flex wp-container-core-columns-is-layout-28f84493 wp-block-columns-is-layout-flex\">\n<div class=\"wp-block-column is-layout-flow wp-block-column-is-layout-flow\">\n<p>Cr\u00e9er un\u00a0<strong>engouement populaire<\/strong>\u00a0autour du spatial est primordial pour la dynamique du secteur. Le r\u00eave de l\u2019exploration spatiale est n\u00e9cessaire pour cela mais ne suffit plus, les citoyens n\u2019y attachant plus la m\u00eame importance si cela se fait en br\u00fblant notre propre plan\u00e8te. Convaincre que le spatial est un r\u00eave mais surtout une n\u00e9cessit\u00e9 sur Terre doit \u00eatre une priorit\u00e9. Le SCO a tout pour devenir l\u2019ambassadeur de cette mission, \u00e0 condition qu\u2019il gagne en notori\u00e9t\u00e9.<\/p>\n<\/div>\n<\/div>\n<\/div>\n<\/div>\n<\/div>\n\n\n\n<p><\/p>\n","protected":false},"excerpt":{"rendered":"<p> Le r\u00eave de l\u2019exploration spatiale est n\u00e9cessaire pour cela mais ne suffit plus, les citoyens n\u2019y attachant plus la m\u00eame importance si cela se fait en br\u00fblant notre propre plan\u00e8te.<\/p>\n","protected":false},"author":1,"featured_media":777,"comment_status":"open","ping_status":"open","sticky":false,"template":"","format":"standard","meta":{"footnotes":""},"categories":[14],"tags":[26],"class_list":["post-776","post","type-post","status-publish","format-standard","has-post-thumbnail","hentry","category-analyses","tag-gt-developpement-durable"],"_links":{"self":[{"href":"https:\/\/astres-espace.fr\/index.php\/wp-json\/wp\/v2\/posts\/776","targetHints":{"allow":["GET"]}}],"collection":[{"href":"https:\/\/astres-espace.fr\/index.php\/wp-json\/wp\/v2\/posts"}],"about":[{"href":"https:\/\/astres-espace.fr\/index.php\/wp-json\/wp\/v2\/types\/post"}],"author":[{"embeddable":true,"href":"https:\/\/astres-espace.fr\/index.php\/wp-json\/wp\/v2\/users\/1"}],"replies":[{"embeddable":true,"href":"https:\/\/astres-espace.fr\/index.php\/wp-json\/wp\/v2\/comments?post=776"}],"version-history":[{"count":2,"href":"https:\/\/astres-espace.fr\/index.php\/wp-json\/wp\/v2\/posts\/776\/revisions"}],"predecessor-version":[{"id":779,"href":"https:\/\/astres-espace.fr\/index.php\/wp-json\/wp\/v2\/posts\/776\/revisions\/779"}],"wp:featuredmedia":[{"embeddable":true,"href":"https:\/\/astres-espace.fr\/index.php\/wp-json\/wp\/v2\/media\/777"}],"wp:attachment":[{"href":"https:\/\/astres-espace.fr\/index.php\/wp-json\/wp\/v2\/media?parent=776"}],"wp:term":[{"taxonomy":"category","embeddable":true,"href":"https:\/\/astres-espace.fr\/index.php\/wp-json\/wp\/v2\/categories?post=776"},{"taxonomy":"post_tag","embeddable":true,"href":"https:\/\/astres-espace.fr\/index.php\/wp-json\/wp\/v2\/tags?post=776"}],"curies":[{"name":"wp","href":"https:\/\/api.w.org\/{rel}","templated":true}]}}