{"id":683,"date":"2024-06-20T12:41:05","date_gmt":"2024-06-20T12:41:05","guid":{"rendered":"https:\/\/astres-espace.fr\/?p=683"},"modified":"2026-01-03T10:37:29","modified_gmt":"2026-01-03T09:37:29","slug":"90-ans-de-larmee-de-lair-et-de-lespace-27-09-24","status":"publish","type":"post","link":"https:\/\/astres-espace.fr\/index.php\/90-ans-de-larmee-de-lair-et-de-lespace-27-09-24\/","title":{"rendered":"90 ans de l&#8217;Arm\u00e9e de l&#8217;Air et de l&#8217;Espace (27\/06\/24)"},"content":{"rendered":"\n<p>Gr\u00e2ce aux partenariats avec la Fondation Ailes de France et le Centre d&#8217;Etudes Strat\u00e9giques A\u00e9rospatiales (CESA) <a href=\"https:\/\/www.linkedin.com\/feed\/update\/urn:li:activity:7187084618322321409\/?actorCompanyId=93135834\" data-type=\"link\" data-id=\"https:\/\/www.linkedin.com\/feed\/update\/urn:li:activity:7187084618322321409\/?actorCompanyId=93135834\">sign\u00e9 en avril dernier<\/a>,  ASTRES est invit\u00e9 aux c\u00e9l\u00e9brations organis\u00e9es pour les 90 ans de l&#8217;Arm\u00e9e de l&#8217;Air et de l&#8217;Espace \u00e0 Versailles le 27 juin 2024. <\/p>\n\n\n\n<p>Au programme, nous rencontrerons les laur\u00e9ats de la Bourse Espace 2024, puis nous serons \u00e0 votre disposition au stand ASTRES, au palais des Congr\u00e8s de Versailles. Venez \u00e9changer !<\/p>\n","protected":false},"excerpt":{"rendered":"<p>ASTRES est invit\u00e9 aux c\u00e9l\u00e9brations organis\u00e9es pour les 90 ans de l&#8217;Arm\u00e9e de l&#8217;Air et de l&#8217;Espace \u00e0 Versailles le 27 juin 2024.<\/p>\n","protected":false},"author":1,"featured_media":684,"comment_status":"open","ping_status":"open","sticky":false,"template":"","format":"standard","meta":{"footnotes":""},"categories":[15],"tags":[],"class_list":["post-683","post","type-post","status-publish","format-standard","has-post-thumbnail","hentry","category-evenements"],"_links":{"self":[{"href":"https:\/\/astres-espace.fr\/index.php\/wp-json\/wp\/v2\/posts\/683","targetHints":{"allow":["GET"]}}],"collection":[{"href":"https:\/\/astres-espace.fr\/index.php\/wp-json\/wp\/v2\/posts"}],"about":[{"href":"https:\/\/astres-espace.fr\/index.php\/wp-json\/wp\/v2\/types\/post"}],"author":[{"embeddable":true,"href":"https:\/\/astres-espace.fr\/index.php\/wp-json\/wp\/v2\/users\/1"}],"replies":[{"embeddable":true,"href":"https:\/\/astres-espace.fr\/index.php\/wp-json\/wp\/v2\/comments?post=683"}],"version-history":[{"count":5,"href":"https:\/\/astres-espace.fr\/index.php\/wp-json\/wp\/v2\/posts\/683\/revisions"}],"predecessor-version":[{"id":885,"href":"https:\/\/astres-espace.fr\/index.php\/wp-json\/wp\/v2\/posts\/683\/revisions\/885"}],"wp:featuredmedia":[{"embeddable":true,"href":"https:\/\/astres-espace.fr\/index.php\/wp-json\/wp\/v2\/media\/684"}],"wp:attachment":[{"href":"https:\/\/astres-espace.fr\/index.php\/wp-json\/wp\/v2\/media?parent=683"}],"wp:term":[{"taxonomy":"category","embeddable":true,"href":"https:\/\/astres-espace.fr\/index.php\/wp-json\/wp\/v2\/categories?post=683"},{"taxonomy":"post_tag","embeddable":true,"href":"https:\/\/astres-espace.fr\/index.php\/wp-json\/wp\/v2\/tags?post=683"}],"curies":[{"name":"wp","href":"https:\/\/api.w.org\/{rel}","templated":true}]}}