{"id":681,"date":"2024-06-20T11:20:40","date_gmt":"2024-06-20T11:20:40","guid":{"rendered":"https:\/\/astres-espace.fr\/?p=681"},"modified":"2026-01-03T10:37:29","modified_gmt":"2026-01-03T09:37:29","slug":"assises-du-new-space-3e-edition","status":"publish","type":"post","link":"https:\/\/astres-espace.fr\/index.php\/assises-du-new-space-3e-edition\/","title":{"rendered":"Assises du New Space, 3\u00e8me \u00e9dition (25-26\/06\/2024)"},"content":{"rendered":"\n<p>Comme l\u2019an dernier, ASTRES sera pr\u00e9sent aux <a href=\"https:\/\/www.linkedin.com\/company\/lesassisesdunewspace\/\">\u2605 Assises du NewSpace &#8211; Saison 3 \u2605<\/a><\/p>\n\n\n\n<p>Retrouvez nous au stand pour d\u00e9couvrir les derniers travaux des groupes de travail (GT) et interGT et rencontrer plus de 30 jeunes passionn\u00e9s, investis tout au long de l&#8217;ann\u00e9e pour r\u00e9fl\u00e9chir au futur du secteur spatial. <\/p>\n\n\n\n<p>Vous aurez notamment la possibilit\u00e9 de participer au Quiz interactif pr\u00e9par\u00e9 par le GT Exploration spatiale, de lire l&#8217;article de l&#8217;interGT sur le Conseil National de l&#8217;Espace, et le rapport prospectif de l&#8217;interGT sur le soutien \u00e0 l&#8217;industrie spatiale d&#8217;ici 2040.<\/p>\n\n\n\n<p>Nous participerons aussi aux tables rondes, notamment: <\/p>\n\n\n\n<p>\u201cCulture spatiale : la comp\u00e9titivit\u00e9 de la nouvelle \u00e9conomie spatiale d\u00e9pend du soutien des citoyens aux politiques spatiales \u2026 au risque de transformer le Centre Spatial Guyanais en parc !&#8221;, avec <a href=\"https:\/\/www.linkedin.com\/in\/lou-valade10\/\">Lou Valade<\/a> <\/p>\n\n\n\n<p>\u201cFormer les ing\u00e9nieurs fran\u00e7ais\u201d, avec <a href=\"https:\/\/www.linkedin.com\/in\/julescoeuillet\/\">Jules Coeuillet<\/a><\/p>\n\n\n\n<p><\/p>\n\n\n\n<p><strong>Pour le programme complet: <a href=\"https:\/\/lesassisesdunewspace.org\/programme-2024\/\">https:\/\/lesassisesdunewspace.org\/programme-2024\/<\/a><\/strong><\/p>\n","protected":false},"excerpt":{"rendered":"<p>Retrouvez nous \u00e0 la D\u00e9fense les 25 et 26 juin : un stand, des tables rondes, une soir\u00e9e, beaucoup d&#8217;occasions pour \u00e9changer<\/p>\n","protected":false},"author":1,"featured_media":686,"comment_status":"open","ping_status":"open","sticky":false,"template":"","format":"standard","meta":{"footnotes":""},"categories":[15],"tags":[],"class_list":["post-681","post","type-post","status-publish","format-standard","has-post-thumbnail","hentry","category-evenements"],"_links":{"self":[{"href":"https:\/\/astres-espace.fr\/index.php\/wp-json\/wp\/v2\/posts\/681","targetHints":{"allow":["GET"]}}],"collection":[{"href":"https:\/\/astres-espace.fr\/index.php\/wp-json\/wp\/v2\/posts"}],"about":[{"href":"https:\/\/astres-espace.fr\/index.php\/wp-json\/wp\/v2\/types\/post"}],"author":[{"embeddable":true,"href":"https:\/\/astres-espace.fr\/index.php\/wp-json\/wp\/v2\/users\/1"}],"replies":[{"embeddable":true,"href":"https:\/\/astres-espace.fr\/index.php\/wp-json\/wp\/v2\/comments?post=681"}],"version-history":[{"count":5,"href":"https:\/\/astres-espace.fr\/index.php\/wp-json\/wp\/v2\/posts\/681\/revisions"}],"predecessor-version":[{"id":880,"href":"https:\/\/astres-espace.fr\/index.php\/wp-json\/wp\/v2\/posts\/681\/revisions\/880"}],"wp:featuredmedia":[{"embeddable":true,"href":"https:\/\/astres-espace.fr\/index.php\/wp-json\/wp\/v2\/media\/686"}],"wp:attachment":[{"href":"https:\/\/astres-espace.fr\/index.php\/wp-json\/wp\/v2\/media?parent=681"}],"wp:term":[{"taxonomy":"category","embeddable":true,"href":"https:\/\/astres-espace.fr\/index.php\/wp-json\/wp\/v2\/categories?post=681"},{"taxonomy":"post_tag","embeddable":true,"href":"https:\/\/astres-espace.fr\/index.php\/wp-json\/wp\/v2\/tags?post=681"}],"curies":[{"name":"wp","href":"https:\/\/api.w.org\/{rel}","templated":true}]}}