{"id":675,"date":"2024-06-20T11:00:25","date_gmt":"2024-06-20T11:00:25","guid":{"rendered":"https:\/\/astres-espace.fr\/?p=675"},"modified":"2026-01-03T10:37:29","modified_gmt":"2026-01-03T09:37:29","slug":"11-juin-24-conference-investir-dans-lindustrie-spatiale-tour-dhorizon","status":"publish","type":"post","link":"https:\/\/astres-espace.fr\/index.php\/11-juin-24-conference-investir-dans-lindustrie-spatiale-tour-dhorizon\/","title":{"rendered":"Conf\u00e9rence &#8216;Investir dans l&#8217;industrie spatiale : tour d&#8217;horizon&#8217; (11\/06\/2024)"},"content":{"rendered":"\n<p><strong>en partenariat avec <a href=\"https:\/\/defenseangels.org\/\" data-type=\"link\" data-id=\"https:\/\/defenseangels.org\/\">Defense Angels<\/a><\/strong>, premier r\u00e9seau de Business Angels d\u00e9di\u00e9 aux technologies strat\u00e9giques et applications duales<\/p>\n\n\n\n<p>Les associations ASTRES et Defense-Angels ont organis\u00e9 ensemble une&nbsp;<strong>conf\u00e9rence-d\u00e9bat Jeudi 13 juin \u00e0&nbsp;<\/strong><strong>18h<\/strong><strong>&nbsp;\u00ab Investir dans l\u2019industrie spatiale : tour d\u2019horizon \u00bb<\/strong>&nbsp;consacr\u00e9e aux opportunit\u00e9s et bonnes pratiques de ce domaine en plein essor, au sein de l\u2019auditorium de BPI France \u00e0 Paris.<\/p>\n\n\n\n<p>Etaient invit\u00e9s en tant que pan\u00e9listes: <\/p>\n\n\n\n<p>\u2022&nbsp;<strong><a href=\"https:\/\/www.linkedin.com\/in\/fran%C3%A7ois-alter-90a5b62\/\">Fran\u00e7ois Alter<\/a>,<\/strong> directeur adjoint de la strat\u00e9gie du <a href=\"https:\/\/www.linkedin.com\/company\/cnes\/\">CNES<\/a> et CEO de CNES participation. Ing\u00e9nieur-g\u00e9n\u00e9ral des Mines, Fran\u00e7ois Alter a mis son \u00e9nergie au service de l\u2019Etat, \u00e0 Bercy puis depuis 2017 au CNES, pour promouvoir le financement des industries strat\u00e9giques telles que le spatial. Il est \u00e0 l\u2019origine de nombreuses initiatives, dont CosmiCapital pour soutenir l\u2019amor\u00e7age du New Space fran\u00e7ais.<\/p>\n\n\n\n<p>\u2022&nbsp;<a href=\"https:\/\/www.linkedin.com\/in\/ACoAAAmV3KUBe3DS7WuCfyFh_ZkvRxbcKq-7xfI\"><\/a><strong><a href=\"https:\/\/www.linkedin.com\/in\/charles-beigbeder-b99a3445\/\">Charles Beigbeder<\/a>, <\/strong>fondateur d\u2019Audacia et d\u2019Expansion. Centralien et entrepreneur \u00e0 succ\u00e8s dans le capital-investissement fran\u00e7ais, Charles a tr\u00e8s vite vu le potentiel de la deeptech et du besoin de financer l\u2019\u00e9mergence de technologies de ruptures, dans le spatial, le quantique ou encore le nucl\u00e9aire.<\/p>\n\n\n\n<p>\u2022 <a href=\"https:\/\/www.linkedin.com\/in\/ACoAAC26rBEBLtMtNk-jycsTO3hop6PsLmZF6j8\"><\/a><strong><a href=\"https:\/\/www.linkedin.com\/in\/pierre-ferron-469b2a194\/\">Pierre Ferron<\/a>, <\/strong>ing\u00e9nieur patrimonial chez <a href=\"https:\/\/www.linkedin.com\/company\/edmond-de-rothschild\/\">Edmond de Rothschild<\/a>. Avec une longue carri\u00e8re d\u2019ing\u00e9nieur patrimonial chez UBS, AXA, puis Edmond de Rothschild depuis 2014, Pierre a un r\u00f4le singulier dans l\u2019\u00e9cosyst\u00e8me entrepreneurial fran\u00e7ais en conseillant les entrepreneurs du NewSpace dans la structuration de leurs startups, et les aide \u00e0 mettre en place les bons m\u00e9canismes pour soutenir les lev\u00e9es de fonds et les aider \u00e0 grandir dans leur entreprise.<\/p>\n\n\n\n<p>\u2022&nbsp;<a href=\"https:\/\/www.linkedin.com\/in\/micha%C3%ABl-thomas-953192b3\/\"><strong>Micha\u00ebl Thomas<\/strong><\/a>, directeur d\u2019investissement chez Supernova Invest. Aujourd\u2019hui investisseur passionn\u00e9 d\u2019espace, chez Supernova Invest et pr\u00e9c\u00e9demment chez Karista, Michael travaille en connaissance de cause puisqu\u2019il a \u00e9t\u00e9 fondateur et PDG d\u2019une startup du NewSpace, OSE, jusqu\u2019en 2018, puis a accompagn\u00e9 les startups <a href=\"https:\/\/www.linkedin.com\/company\/cysecsystems\/\">CYSEC<\/a>, <a href=\"https:\/\/www.linkedin.com\/company\/leanspace-sas\/\">Leanspace<\/a>, <a href=\"https:\/\/www.linkedin.com\/company\/exotrail\/\">Exotrail<\/a>.<\/p>\n\n\n\n<p>\u2022&nbsp;Grand T\u00e9moin :&nbsp;<a href=\"https:\/\/www.linkedin.com\/in\/helenehuby\/\"><strong>H\u00e9l\u00e8ne Huby<\/strong><\/a>, fondatrice et PDG de <a href=\"https:\/\/www.linkedin.com\/company\/exploration-company\/\">The Exploration Company<\/a>, la premi\u00e8re startup europ\u00e9enne d\u00e9veloppant un vaisseau spatial cargo et r\u00e9utilisable. Dipl\u00f4m\u00e9e de l\u2019ENS et de l\u2019ENA, H\u00e9l\u00e8ne a fait de sa passion pour l\u2019espace son engagement, d\u2019abord chez Airbus avant de se lancer dans l\u2019entreprenariat avec The Exploration Company. Entrepreneuse engag\u00e9e, H\u00e9l\u00e8ne est elle-m\u00eame active dans le Venture Capital \u00e0 travers <a href=\"https:\/\/www.linkedin.com\/company\/urania-ventures\/\">Urania Ventures<\/a>, et \u00e9galement co-fondatrice et pr\u00e9sidente de <a href=\"https:\/\/www.linkedin.com\/company\/karmanproject\/\">The Karman Project<\/a>, promouvant la coop\u00e9ration et le dialogue entre les acteurs du spatial du monde entier.<\/p>\n\n\n\n<figure class=\"wp-block-gallery has-nested-images columns-default is-cropped wp-block-gallery-1 is-layout-flex wp-block-gallery-is-layout-flex\">\n<figure class=\"wp-block-image size-large\"><img loading=\"lazy\" decoding=\"async\" width=\"1024\" height=\"756\" data-id=\"677\" src=\"https:\/\/astres-espace.fr\/wp-content\/uploads\/2024\/06\/1718383817518-1-1024x756.jpg\" alt=\"\" class=\"wp-image-677\" srcset=\"https:\/\/astres-espace.fr\/wp-content\/uploads\/2024\/06\/1718383817518-1-1024x756.jpg 1024w, https:\/\/astres-espace.fr\/wp-content\/uploads\/2024\/06\/1718383817518-1-300x221.jpg 300w, https:\/\/astres-espace.fr\/wp-content\/uploads\/2024\/06\/1718383817518-1-768x567.jpg 768w, https:\/\/astres-espace.fr\/wp-content\/uploads\/2024\/06\/1718383817518-1.jpg 1080w\" sizes=\"auto, (max-width: 1024px) 100vw, 1024px\" \/><\/figure>\n\n\n\n<figure class=\"wp-block-image size-large\"><img loading=\"lazy\" decoding=\"async\" width=\"1024\" height=\"600\" data-id=\"679\" src=\"https:\/\/astres-espace.fr\/wp-content\/uploads\/2024\/06\/1718383819392-1024x600.jpg\" alt=\"\" class=\"wp-image-679\" srcset=\"https:\/\/astres-espace.fr\/wp-content\/uploads\/2024\/06\/1718383819392-1024x600.jpg 1024w, https:\/\/astres-espace.fr\/wp-content\/uploads\/2024\/06\/1718383819392-300x176.jpg 300w, https:\/\/astres-espace.fr\/wp-content\/uploads\/2024\/06\/1718383819392-768x450.jpg 768w, https:\/\/astres-espace.fr\/wp-content\/uploads\/2024\/06\/1718383819392-1536x900.jpg 1536w, https:\/\/astres-espace.fr\/wp-content\/uploads\/2024\/06\/1718383819392.jpg 2048w\" sizes=\"auto, (max-width: 1024px) 100vw, 1024px\" \/><\/figure>\n\n\n\n<figure class=\"wp-block-image size-large\"><img loading=\"lazy\" decoding=\"async\" width=\"1024\" height=\"768\" data-id=\"678\" src=\"https:\/\/astres-espace.fr\/wp-content\/uploads\/2024\/06\/1718383819763-1024x768.jpg\" alt=\"\" class=\"wp-image-678\" srcset=\"https:\/\/astres-espace.fr\/wp-content\/uploads\/2024\/06\/1718383819763-1024x768.jpg 1024w, https:\/\/astres-espace.fr\/wp-content\/uploads\/2024\/06\/1718383819763-300x225.jpg 300w, https:\/\/astres-espace.fr\/wp-content\/uploads\/2024\/06\/1718383819763-768x576.jpg 768w, https:\/\/astres-espace.fr\/wp-content\/uploads\/2024\/06\/1718383819763-1536x1152.jpg 1536w, https:\/\/astres-espace.fr\/wp-content\/uploads\/2024\/06\/1718383819763.jpg 2048w\" sizes=\"auto, (max-width: 1024px) 100vw, 1024px\" \/><\/figure>\n<\/figure>\n\n\n\n<p>Cette conf\u00e9rence est donc l&#8217;aboutissement de plusieurs semaines de pr\u00e9paration pour le GT Financement. D\u00e9finition des sujets, coordination des intervenants, jusqu&#8217;\u00e0 la logistique, on peut saluer Antoine Chesne, Pierre-Antoine Dricot, Alix Guign\u00e9 et Sabrina Barr\u00e9 pour avoir organis\u00e9 un \u00e9v\u00e8nement passionnant et sans accroche pour les 150 participants pr\u00e9sents. <\/p>\n","protected":false},"excerpt":{"rendered":"<p>En partenariat avec Defense Angels, ASTRES invite Fran\u00e7ois Alter, Charles Beigbeder, Pierre Feron, Micha\u00ebl Thomas et H\u00e9l\u00e8ne Huby le 11 juin 2024.<\/p>\n","protected":false},"author":1,"featured_media":736,"comment_status":"open","ping_status":"open","sticky":false,"template":"","format":"standard","meta":{"footnotes":""},"categories":[15],"tags":[22],"class_list":["post-675","post","type-post","status-publish","format-standard","has-post-thumbnail","hentry","category-evenements","tag-gt-financement"],"_links":{"self":[{"href":"https:\/\/astres-espace.fr\/index.php\/wp-json\/wp\/v2\/posts\/675","targetHints":{"allow":["GET"]}}],"collection":[{"href":"https:\/\/astres-espace.fr\/index.php\/wp-json\/wp\/v2\/posts"}],"about":[{"href":"https:\/\/astres-espace.fr\/index.php\/wp-json\/wp\/v2\/types\/post"}],"author":[{"embeddable":true,"href":"https:\/\/astres-espace.fr\/index.php\/wp-json\/wp\/v2\/users\/1"}],"replies":[{"embeddable":true,"href":"https:\/\/astres-espace.fr\/index.php\/wp-json\/wp\/v2\/comments?post=675"}],"version-history":[{"count":6,"href":"https:\/\/astres-espace.fr\/index.php\/wp-json\/wp\/v2\/posts\/675\/revisions"}],"predecessor-version":[{"id":879,"href":"https:\/\/astres-espace.fr\/index.php\/wp-json\/wp\/v2\/posts\/675\/revisions\/879"}],"wp:featuredmedia":[{"embeddable":true,"href":"https:\/\/astres-espace.fr\/index.php\/wp-json\/wp\/v2\/media\/736"}],"wp:attachment":[{"href":"https:\/\/astres-espace.fr\/index.php\/wp-json\/wp\/v2\/media?parent=675"}],"wp:term":[{"taxonomy":"category","embeddable":true,"href":"https:\/\/astres-espace.fr\/index.php\/wp-json\/wp\/v2\/categories?post=675"},{"taxonomy":"post_tag","embeddable":true,"href":"https:\/\/astres-espace.fr\/index.php\/wp-json\/wp\/v2\/tags?post=675"}],"curies":[{"name":"wp","href":"https:\/\/api.w.org\/{rel}","templated":true}]}}