{"id":1333,"date":"2025-02-26T21:00:12","date_gmt":"2025-02-26T21:00:12","guid":{"rendered":"https:\/\/astres-espace.fr\/?p=1333"},"modified":"2026-01-03T10:42:45","modified_gmt":"2026-01-03T09:42:45","slug":"en-quoi-lespace-devient-il-un-nouveau-theatre-de-conflictualite","status":"publish","type":"post","link":"https:\/\/astres-espace.fr\/index.php\/en-quoi-lespace-devient-il-un-nouveau-theatre-de-conflictualite\/","title":{"rendered":"En quoi l&#8217;espace devient-il un nouveau th\u00e9\u00e2tre de conflictualit\u00e9 ?"},"content":{"rendered":"\n<p>Par le GT International<\/p>\n\n\n\n<h4 class=\"wp-block-heading\"><mark style=\"background-color:rgba(0, 0, 0, 0)\" class=\"has-inline-color has-ti-bg-inv-color\">R\u00e9sum\u00e9<\/mark><\/h4>\n\n\n\n<p>Depuis Spoutnik en 1957, l\u2019espace est devenu un enjeu strat\u00e9gique mondial, passant de terrain d\u2019innovation technologique \u00e0 th\u00e9\u00e2tre potentiel de conflits. Face \u00e0 la militarisation croissante et aux nouvelles menaces spatiales, la France renforce ses capacit\u00e9s gr\u00e2ce \u00e0 des investissements majeurs, la cr\u00e9ation d\u2019un Commandement de l\u2019espace, et une coop\u00e9ration internationale accrue. Elle anticipe les d\u00e9fis futurs, notamment la prolif\u00e9ration des armes antisatellites, la congestion orbitale et les zones grises du droit spatial.<\/p>\n\n\n\n<h3 class=\"wp-block-heading\"><strong>Contexte historique<\/strong><\/h3>\n\n\n\n<p>L\u2019espace a commenc\u00e9 \u00e0 devenir un environnement consid\u00e9r\u00e9 comme strat\u00e9gique depuis le lancement du satellite Spoutnik en 1957, en particulier pour les grandes puissances mondiales de la dynamique bipolaire de cette \u00e9poque&nbsp;: Les \u00c9tats-Unis et l\u2019Union sovi\u00e9tique<sup data-fn=\"01758447-6770-47c3-a4a4-a21fbb9e911c\" class=\"fn\"><a href=\"#01758447-6770-47c3-a4a4-a21fbb9e911c\" id=\"01758447-6770-47c3-a4a4-a21fbb9e911c-link\">1<\/a><\/sup>. Pendant toute la dur\u00e9e de la guerre froide, ces deux acteurs majeurs ont poursuivi le d\u00e9veloppement de programmes spatiaux \u00e0 utilit\u00e9 militaire, notamment en mati\u00e8re de satellites de reconnaissance et de communication<sup data-fn=\"3da86a59-a714-4c7a-bfdd-d9b6566efe61\" class=\"fn\"><a href=\"#3da86a59-a714-4c7a-bfdd-d9b6566efe61\" id=\"3da86a59-a714-4c7a-bfdd-d9b6566efe61-link\">2<\/a><\/sup>. D\u2019un point de vue global, la perception de l\u2019espace sur la sc\u00e8ne internationale restait cependant essentiellement ancr\u00e9e comme un domaine de comp\u00e9tition li\u00e9 \u00e0 l\u2019innovation technologique et non comme un th\u00e9\u00e2tre de conflit direct \u00e0 proprement parler<sup data-fn=\"d8ce47dc-a48e-4a5d-aa8a-fc20f4d297b6\" class=\"fn\"><a href=\"#d8ce47dc-a48e-4a5d-aa8a-fc20f4d297b6\" id=\"d8ce47dc-a48e-4a5d-aa8a-fc20f4d297b6-link\">3<\/a><\/sup>. D\u2019ailleurs, cette vision se refl\u00e8te dans la <strong>signature du Trait\u00e9 de l&#8217;espace en 1967<\/strong> qui, de fa\u00e7on explicite, proscrit la pr\u00e9sence d\u2019armes nucl\u00e9aires et autres armes de destruction massive dans l\u2019espace<sup data-fn=\"3c8e1566-2f8b-40ce-98f7-b193a487afa2\" class=\"fn\"><a href=\"#3c8e1566-2f8b-40ce-98f7-b193a487afa2\" id=\"3c8e1566-2f8b-40ce-98f7-b193a487afa2-link\">4<\/a><\/sup>.<\/p>\n\n\n\n<figure class=\"wp-block-image aligncenter size-large is-resized\"><img decoding=\"async\" src=\"https:\/\/medias.lavie.fr\/api\/v1\/images\/view\/60db1f6ad286c23acc230825\/width_1000\/image.jpg\" alt=\"\" style=\"width:739px;height:auto\"\/><figcaption class=\"wp-element-caption\">Le trait\u00e9 de l\u2019espace de 1967 (source : AKG-IMAGES)<\/figcaption><\/figure>\n\n\n\n<p>Toutefois, le d\u00e9veloppement proactif de technologies sophistiqu\u00e9es et innovantes au potentiel d\u00e9stabilisateur voire destructeur pour les diverses parties \u00e9tatiques, ainsi que l\u2019introduction toujours croissante des acteurs priv\u00e9s dans ce secteur marquent un basculement<sup data-fn=\"9ad896b4-1d5a-4869-bb2c-d78ef451317f\" class=\"fn\"><a href=\"#9ad896b4-1d5a-4869-bb2c-d78ef451317f\" id=\"9ad896b4-1d5a-4869-bb2c-d78ef451317f-link\">5<\/a><\/sup>. De cette fa\u00e7on, la vision commune de l\u2019espace extra-atmosph\u00e9rique bascule d\u2019un environnement purement strat\u00e9gique, \u00e0 un terrain d\u2019op\u00e9rations militaires tant offensives que d\u00e9fensives<sup data-fn=\"09053496-686a-4fb3-8694-4ada4f0b2e55\" class=\"fn\"><a href=\"#09053496-686a-4fb3-8694-4ada4f0b2e55\" id=\"09053496-686a-4fb3-8694-4ada4f0b2e55-link\">6<\/a><\/sup>.<\/p>\n\n\n\n<h3 class=\"wp-block-heading\"><strong>Actualit\u00e9s et pertinence pour la France<\/strong><\/h3>\n\n\n\n<ol start=\"2\" class=\"wp-block-list\">\n<li><\/li>\n<\/ol>\n\n\n\n<p>L\u2019amplification de la militarisation de l\u2019espace s\u2019observe de fa\u00e7on claire ces derni\u00e8res ann\u00e9es. Cela s\u2019observe par plusieurs \u00e9v\u00e9nements, notamment des d\u00e9monstrations de force, m\u00eame si les raisons invoqu\u00e9es diff\u00e8rent. Par exemple, en d\u00e9pit de la production de d\u00e9bris g\u00e9n\u00e9r\u00e9s, des essais antisatellites cin\u00e9tiques ont \u00e9t\u00e9 men\u00e9s par les acteurs spatiaux majeurs entre le d\u00e9but des ann\u00e9es 2000 et aujourd\u2019hui.<strong> La Chine a d\u00e9truit son satellite FengYun 1C en 2007<\/strong>&nbsp;; <strong>les \u00c9tats-Unis ont fait de m\u00eame avec leur satellite USA-193 en 2018<\/strong>&nbsp;; <strong>pareil du c\u00f4t\u00e9 de l\u2019Inde avec son satellite Microsat-R en 2019&nbsp;; et enfin plus r\u00e9cemment, la Russie a d\u00e9truit son satellite Cosmos 1408 en 2021<\/strong><sup data-fn=\"9d7c4b62-691b-4df3-8869-ef8d3ca39076\" class=\"fn\"><a href=\"#9d7c4b62-691b-4df3-8869-ef8d3ca39076\" id=\"9d7c4b62-691b-4df3-8869-ef8d3ca39076-link\">7<\/a><\/sup>. En plus de ces incidents, il est important de noter que le d\u00e9veloppement exponentiel des capacit\u00e9s antisatellites non-cin\u00e9tiques par les grandes puissances, ainsi que l\u2019utilisation faite de ces technologies, d\u00e9montrent tout autant la progression de l\u2019environnement spatial comme un th\u00e9\u00e2tre conflictuel &#8211; comme analys\u00e9s dans le rapport annuel de la Secure World Foundation \u00ab Global Counterspace Capabilities \u00bb<sup data-fn=\"f63c84c8-e17c-47aa-aaf0-6ebea3a91348\" class=\"fn\"><a href=\"#f63c84c8-e17c-47aa-aaf0-6ebea3a91348\" id=\"f63c84c8-e17c-47aa-aaf0-6ebea3a91348-link\">8<\/a><\/sup>.<\/p>\n\n\n\n<p>Face \u00e0 cette \u00e9volution des dynamiques dans les strat\u00e9gies adopt\u00e9es par les puissances spatiales, ainsi que les menaces y aff\u00e9rentes, <strong>la France a opt\u00e9 pour une position proactive<\/strong>, consolidant ses capacit\u00e9s \u00e0 la fois sur le plan strat\u00e9gique et sur le plan op\u00e9rationnel. Dans cette optique, le minist\u00e8re des Arm\u00e9es s\u2019est r\u00e9v\u00e9l\u00e9 ambitieux, en exposant <strong>une intention d\u2019allocation d\u2019investissement 700 millions d\u2019euros suppl\u00e9mentaires pour la strat\u00e9gie spatiale pour la p\u00e9riode 2019-2025<\/strong>, en plus des 3,6 milliards d&#8217;euros d\u00e9j\u00e0 octroy\u00e9s dans la Loi de programmation militaire pour cette m\u00eame p\u00e9riode<sup data-fn=\"c3b88a5d-1e75-4513-86f7-6844ecae063b\" class=\"fn\"><a href=\"#c3b88a5d-1e75-4513-86f7-6844ecae063b\" id=\"c3b88a5d-1e75-4513-86f7-6844ecae063b-link\">9<\/a><\/sup>. Toujours dans cette m\u00eame vision, juillet 2019, le projet Ares d\u00e9montre l&#8217;engagement de la France dans le renforcement de ses capacit\u00e9s, particuli\u00e8rement en mati\u00e8re de surveillance, d&#8217;identification des menaces et d&#8217;intervention dans la protection de satellites nationaux<sup data-fn=\"c2e84117-dadf-47a6-bc16-0f432a821d04\" class=\"fn\"><a href=\"#c2e84117-dadf-47a6-bc16-0f432a821d04\" id=\"c2e84117-dadf-47a6-bc16-0f432a821d04-link\">10<\/a><\/sup>. Le premier septembre 2019, la cr\u00e9ation du Commandement de l\u2019espace a \u00e9galement \u00e9t\u00e9 un reflet important de cette strat\u00e9gie<sup data-fn=\"22c033cc-7db0-4103-b60f-fbe9c2038382\" class=\"fn\"><a href=\"#22c033cc-7db0-4103-b60f-fbe9c2038382\" id=\"22c033cc-7db0-4103-b60f-fbe9c2038382-link\">11<\/a><\/sup>. Par la mise en place de cet organisme \u00e0 vocation interarm\u00e9es de l&#8217;Arm\u00e9e de l&#8217;air et de l&#8217;Espace, la France appuie adroitement la coordination de ses moyens dans le cadre de la d\u00e9fense spatiale. Plus tard, le projet TOUTATIS compl\u00e9mentant le projet YODA, annonce par la direction g\u00e9n\u00e9rale de l\u2019armement en septembre 2024 refl\u00e8te \u00e9galement une volont\u00e9 de la France de renforcer sa strat\u00e9gie de d\u00e9fense, dans ce contexte, en orbite basse<sup data-fn=\"05ec7160-bc09-4ee2-9d72-a2e49c2e40ec\" class=\"fn\"><a href=\"#05ec7160-bc09-4ee2-9d72-a2e49c2e40ec\" id=\"05ec7160-bc09-4ee2-9d72-a2e49c2e40ec-link\">12<\/a><\/sup>. Un mois apr\u00e8s, l\u2019adh\u00e9sion de la France \u00e0 l&#8217;Op\u00e9ration Olympic Defender, chapeaut\u00e9e par les \u00c9tats-Unis, d\u00e9montre une volont\u00e9 de la France de renforcer ses capacit\u00e9s op\u00e9rationnelles gr\u00e2ce \u00e0 une plus grande coop\u00e9ration internationale<sup data-fn=\"69d94e7c-74b5-442f-addb-29af243103c9\" class=\"fn\"><a href=\"#69d94e7c-74b5-442f-addb-29af243103c9\" id=\"69d94e7c-74b5-442f-addb-29af243103c9-link\">13<\/a><\/sup>. Ces diff\u00e9rentes initiatives et d\u00e9marches de la France dans sa strat\u00e9gie et ses op\u00e9rations d\u00e9montrent une r\u00e9silience forte face \u00e0 un environnement spatial toujours plus instable sur le plan s\u00e9curitaire.<\/p>\n\n\n\n<h3 class=\"wp-block-heading\"><strong>Enjeux futurs<\/strong><\/h3>\n\n\n\n<p>\u00c0 l&#8217;avenir, de nombreux d\u00e9fis surgiront et la France devra se tenir pr\u00eate pour y faire face. Les d\u00e9monstrations de force des acteurs spatiaux majeurs ainsi que le d\u00e9veloppement exponentiel de leurs capacit\u00e9s, en particulier ceux \u00e0 caract\u00e8re non-cin\u00e9tique tels que les dispositifs antisatellites de types cybern\u00e9tiques, guerre \u00e9lectronique et armes \u00e0 \u00e9nergies dirig\u00e9es repr\u00e9sentent les menaces les plus r\u00e9elles dans le cadre des conflits spatiaux de demain<sup data-fn=\"8ed2d0d7-2b32-46a3-a9a8-1216cc671571\" class=\"fn\"><a href=\"#8ed2d0d7-2b32-46a3-a9a8-1216cc671571\" id=\"8ed2d0d7-2b32-46a3-a9a8-1216cc671571-link\">14<\/a><\/sup>. De plus, les zones grises et d\u00e9limitations troubles dans le domaine du droit spatial, exacerb\u00e9es par le ph\u00e9nom\u00e8ne de surrogate warefare &#8211; illustr\u00e9s par les contrats priv\u00e9-public dans le cadre d\u2019atteinte aux objectifs strat\u00e9giques, ainsi que l\u2019utilisation des capacit\u00e9s \u00e0 doubles usages par les forces rivales compliquent davantage la protection des int\u00e9r\u00eats nationaux<sup data-fn=\"52d8b403-3570-4d47-8e4c-9deb5c59c8b3\" class=\"fn\"><a href=\"#52d8b403-3570-4d47-8e4c-9deb5c59c8b3\" id=\"52d8b403-3570-4d47-8e4c-9deb5c59c8b3-link\">15<\/a><\/sup>. Enfin la congestion de l\u2019environnement orbitale de la terre, en particulier en l\u2019orbite basse repr\u00e9sente un d\u00e9fi connu et de taille pour tout acteur dans le secteur spatial y compris la France<sup data-fn=\"c1576003-6bb2-42e1-bce6-c570c94e0f83\" class=\"fn\"><a href=\"#c1576003-6bb2-42e1-bce6-c570c94e0f83\" id=\"c1576003-6bb2-42e1-bce6-c570c94e0f83-link\">16<\/a><\/sup>. En r\u00e9ponse \u00e0 ces menaces, les investissements pr\u00e9vus par la Loi de programmation militaire 2024-2030 prennent en consid\u00e9ration le besoin primordial du renforcement des capacit\u00e9s spatiales sur le plan militaire<sup data-fn=\"e45d651e-fd5e-47cf-b808-b088ef9c0b0c\" class=\"fn\"><a href=\"#e45d651e-fd5e-47cf-b808-b088ef9c0b0c\" id=\"e45d651e-fd5e-47cf-b808-b088ef9c0b0c-link\">17<\/a><\/sup>. Cependant, la France devra combiner ces effets avec la poursuite de sa posture proactive dans la promotion de normes internationales r\u00e9gulatrices des activit\u00e9s spatiales, en particulier dans la pr\u00e9vention des conflits.<\/p>\n\n\n\n<hr class=\"wp-block-separator has-alpha-channel-opacity\"\/>\n\n\n<ol class=\"wp-block-footnotes\"><li id=\"01758447-6770-47c3-a4a4-a21fbb9e911c\"><a href=\"https:\/\/www.nasa.gov\/image-article\/oct-4-1957-sputnik-dawn-of-space-age\/\">https:\/\/www.nasa.gov\/image-article\/oct-4-1957-sputnik-dawn-of-space-age\/<\/a>\u00a0 <a href=\"#01758447-6770-47c3-a4a4-a21fbb9e911c-link\" aria-label=\"Aller \u00e0 la note de bas de page 1\">\u21a9\ufe0e<\/a><\/li><li id=\"3da86a59-a714-4c7a-bfdd-d9b6566efe61\"><a href=\"https:\/\/shs.cairn.info\/revue-defense-nationale-2016-6-page-99?lang=fr#s2n4\">https:\/\/shs.cairn.info\/revue-defense-nationale-2016-6-page-99?lang=fr#s2n4<\/a>\u00a0 <a href=\"#3da86a59-a714-4c7a-bfdd-d9b6566efe61-link\" aria-label=\"Aller \u00e0 la note de bas de page 2\">\u21a9\ufe0e<\/a><\/li><li id=\"d8ce47dc-a48e-4a5d-aa8a-fc20f4d297b6\"><a href=\"https:\/\/www.jstor.org\/stable\/42669540?seq=1\">https:\/\/www.jstor.org\/stable\/42669540?seq=1<\/a> p.279. <a href=\"#d8ce47dc-a48e-4a5d-aa8a-fc20f4d297b6-link\" aria-label=\"Aller \u00e0 la note de bas de page 3\">\u21a9\ufe0e<\/a><\/li><li id=\"3c8e1566-2f8b-40ce-98f7-b193a487afa2\"><a href=\"https:\/\/www.unoosa.org\/pdf\/gares\/ARES_21_2222F.pdf\">https:\/\/www.unoosa.org\/pdf\/gares\/ARES_21_2222F.pdf<\/a> <a href=\"#3c8e1566-2f8b-40ce-98f7-b193a487afa2-link\" aria-label=\"Aller \u00e0 la note de bas de page 4\">\u21a9\ufe0e<\/a><\/li><li id=\"9ad896b4-1d5a-4869-bb2c-d78ef451317f\"><a href=\"https:\/\/www.radiofrance.fr\/franceculture\/podcasts\/affaires-etrangeres\/la-militarisation-de-l-espace-9014350\">https:\/\/www.radiofrance.fr\/franceculture\/podcasts\/affaires-etrangeres\/la-militarisation-de-l-espace-9014350<\/a> ; <a href=\"https:\/\/css.ethz.ch\/content\/dam\/ethz\/special-interest\/gess\/cis\/center-for-securities-studies\/pdfs\/CSSAnalyse333-FR.pdf\">https:\/\/css.ethz.ch\/content\/dam\/ethz\/special-interest\/gess\/cis\/center-for-securities-studies\/pdfs\/CSSAnalyse333-FR.pdf<\/a>  <a href=\"#9ad896b4-1d5a-4869-bb2c-d78ef451317f-link\" aria-label=\"Aller \u00e0 la note de bas de page 5\">\u21a9\ufe0e<\/a><\/li><li id=\"09053496-686a-4fb3-8694-4ada4f0b2e55\"><a href=\"https:\/\/www.defense.gouv.fr\/comment-france-se-prepare-conflit-spatial\/lespace-nouveau-theatre-conflictualite\">https:\/\/www.defense.gouv.fr\/comment-france-se-prepare-conflit-spatial\/lespace-nouveau-theatre-conflictualite <\/a> <a href=\"#09053496-686a-4fb3-8694-4ada4f0b2e55-link\" aria-label=\"Aller \u00e0 la note de bas de page 6\">\u21a9\ufe0e<\/a><\/li><li id=\"9d7c4b62-691b-4df3-8869-ef8d3ca39076\">\u00a0<a href=\"https:\/\/swfound.org\/media\/207826\/swf_global_counterspace_capabilities_2024.pdf\">https:\/\/swfound.org\/media\/207826\/swf_global_counterspace_capabilities_2024.pdf<\/a>\u00a0 <a href=\"#9d7c4b62-691b-4df3-8869-ef8d3ca39076-link\" aria-label=\"Aller \u00e0 la note de bas de page 7\">\u21a9\ufe0e<\/a><\/li><li id=\"f63c84c8-e17c-47aa-aaf0-6ebea3a91348\"><a href=\"https:\/\/swfound.org\/media\/207826\/swf_global_counterspace_capabilities_2024.pdf\">https:\/\/swfound.org\/media\/207826\/swf_global_counterspace_capabilities_2024.pdf<\/a> pp. [03-12], [01-16], [04-04], and [05-01]. <a href=\"#f63c84c8-e17c-47aa-aaf0-6ebea3a91348-link\" aria-label=\"Aller \u00e0 la note de bas de page 8\">\u21a9\ufe0e<\/a><\/li><li id=\"c3b88a5d-1e75-4513-86f7-6844ecae063b\"><a href=\"https:\/\/www.archives.defense.gouv.fr\/portail\/actualites2\/florence-parly-devoile-la-strategie-spatiale-francaise-de-defense.html\">https:\/\/www.archives.defense.gouv.fr\/portail\/actualites2\/florence-parly-devoile-la-strategie-spatiale-francaise-de-defense.html <\/a> <a href=\"#c3b88a5d-1e75-4513-86f7-6844ecae063b-link\" aria-label=\"Aller \u00e0 la note de bas de page 9\">\u21a9\ufe0e<\/a><\/li><li id=\"c2e84117-dadf-47a6-bc16-0f432a821d04\"><a href=\"https:\/\/www.defense.gouv.fr\/comment-france-se-prepare-conflit-spatial\/ares-dga-prepare-notre-maitrise-lespace\">https:\/\/www.defense.gouv.fr\/comment-france-se-prepare-conflit-spatial\/ares-dga-prepare-notre-maitrise-lespace <\/a> <a href=\"#c2e84117-dadf-47a6-bc16-0f432a821d04-link\" aria-label=\"Aller \u00e0 la note de bas de page 10\">\u21a9\ufe0e<\/a><\/li><li id=\"22c033cc-7db0-4103-b60f-fbe9c2038382\"><a href=\"https:\/\/www.legifrance.gouv.fr\/loda\/id\/JORFTEXT000039060428\/\">https:\/\/www.legifrance.gouv.fr\/loda\/id\/JORFTEXT000039060428\/<\/a> <a href=\"#22c033cc-7db0-4103-b60f-fbe9c2038382-link\" aria-label=\"Aller \u00e0 la note de bas de page 11\">\u21a9\ufe0e<\/a><\/li><li id=\"05ec7160-bc09-4ee2-9d72-a2e49c2e40ec\"><a href=\"https:\/\/www.defense.gouv.fr\/aid\/actualites\/spatial-lagence-linnovation-defense-notifie-u-space-realisation-dune-demonstration-dactions-orbite\">https:\/\/www.defense.gouv.fr\/aid\/actualites\/spatial-lagence-linnovation-defense-notifie-u-space-realisation-dune-demonstration-dactions-orbite<\/a> <a href=\"#05ec7160-bc09-4ee2-9d72-a2e49c2e40ec-link\" aria-label=\"Aller \u00e0 la note de bas de page 12\">\u21a9\ufe0e<\/a><\/li><li id=\"69d94e7c-74b5-442f-addb-29af243103c9\"><a href=\"https:\/\/www.defense.gouv.fr\/actualites\/france-rejoint-force-multinationale-operation-olympic-defender\">https:\/\/www.defense.gouv.fr\/actualites\/france-rejoint-force-multinationale-operation-olympic-defender<\/a> <a href=\"#69d94e7c-74b5-442f-addb-29af243103c9-link\" aria-label=\"Aller \u00e0 la note de bas de page 13\">\u21a9\ufe0e<\/a><\/li><li id=\"8ed2d0d7-2b32-46a3-a9a8-1216cc671571\"><a href=\"https:\/\/www.icrc.org\/fr\/droit-et-politique\/operations-militaires-dans-espace\">https:\/\/www.icrc.org\/fr\/droit-et-politique\/operations-militaires-dans-espace<\/a> <a href=\"#8ed2d0d7-2b32-46a3-a9a8-1216cc671571-link\" aria-label=\"Aller \u00e0 la note de bas de page 14\">\u21a9\ufe0e<\/a><\/li><li id=\"52d8b403-3570-4d47-8e4c-9deb5c59c8b3\"><a href=\"https:\/\/academic.oup.com\/psq\/article-abstract\/135\/2\/341\/6848549?login=false\">https:\/\/academic.oup.com\/psq\/article-abstract\/135\/2\/341\/6848549?login=false <\/a> <a href=\"#52d8b403-3570-4d47-8e4c-9deb5c59c8b3-link\" aria-label=\"Aller \u00e0 la note de bas de page 15\">\u21a9\ufe0e<\/a><\/li><li id=\"c1576003-6bb2-42e1-bce6-c570c94e0f83\"><a href=\"https:\/\/www.esa.int\/Space_Safety\/Space_Debris\/ESA_Space_Environment_Report_2024\">https:\/\/www.esa.int\/Space_Safety\/Space_Debris\/ESA_Space_Environment_Report_2024 <\/a> <a href=\"#c1576003-6bb2-42e1-bce6-c570c94e0f83-link\" aria-label=\"Aller \u00e0 la note de bas de page 16\">\u21a9\ufe0e<\/a><\/li><li id=\"e45d651e-fd5e-47cf-b808-b088ef9c0b0c\"><a href=\"https:\/\/www.defense.gouv.fr\/ministere\/politique-defense\/loi-programmation-militaire-2024-2030\">https:\/\/www.defense.gouv.fr\/ministere\/politique-defense\/loi-programmation-militaire-2024-2030<\/a> <a href=\"#e45d651e-fd5e-47cf-b808-b088ef9c0b0c-link\" aria-label=\"Aller \u00e0 la note de bas de page 17\">\u21a9\ufe0e<\/a><\/li><\/ol>\n\n\n<p><\/p>\n","protected":false},"excerpt":{"rendered":"<p>Par le GT International R\u00e9sum\u00e9 Depuis Spoutnik en 1957, l\u2019espace est devenu un enjeu strat\u00e9gique mondial, passant de terrain d\u2019innovation technologique \u00e0 th\u00e9\u00e2tre potentiel de conflits. Face \u00e0 la militarisation croissante et aux nouvelles menaces spatiales, la France renforce ses capacit\u00e9s gr\u00e2ce \u00e0 des investissements majeurs, la cr\u00e9ation d\u2019un Commandement de l\u2019espace, et une coop\u00e9ration [&hellip;]<\/p>\n","protected":false},"author":1,"featured_media":1647,"comment_status":"open","ping_status":"open","sticky":false,"template":"","format":"standard","meta":{"footnotes":"[{\"content\":\"<a href=\\\"https:\/\/www.nasa.gov\/image-article\/oct-4-1957-sputnik-dawn-of-space-age\/\\\">https:\/\/www.nasa.gov\/image-article\/oct-4-1957-sputnik-dawn-of-space-age\/<\/a>\u00a0\",\"id\":\"01758447-6770-47c3-a4a4-a21fbb9e911c\"},{\"content\":\"<a href=\\\"https:\/\/shs.cairn.info\/revue-defense-nationale-2016-6-page-99?lang=fr#s2n4\\\">https:\/\/shs.cairn.info\/revue-defense-nationale-2016-6-page-99?lang=fr#s2n4<\/a>\u00a0\",\"id\":\"3da86a59-a714-4c7a-bfdd-d9b6566efe61\"},{\"content\":\"<a href=\\\"https:\/\/www.jstor.org\/stable\/42669540?seq=1\\\">https:\/\/www.jstor.org\/stable\/42669540?seq=1<\/a> p.279.\",\"id\":\"d8ce47dc-a48e-4a5d-aa8a-fc20f4d297b6\"},{\"content\":\"<a href=\\\"https:\/\/www.unoosa.org\/pdf\/gares\/ARES_21_2222F.pdf\\\">https:\/\/www.unoosa.org\/pdf\/gares\/ARES_21_2222F.pdf<\/a>\",\"id\":\"3c8e1566-2f8b-40ce-98f7-b193a487afa2\"},{\"content\":\"<a href=\\\"https:\/\/www.radiofrance.fr\/franceculture\/podcasts\/affaires-etrangeres\/la-militarisation-de-l-espace-9014350\\\">https:\/\/www.radiofrance.fr\/franceculture\/podcasts\/affaires-etrangeres\/la-militarisation-de-l-espace-9014350<\/a> ; <a href=\\\"https:\/\/css.ethz.ch\/content\/dam\/ethz\/special-interest\/gess\/cis\/center-for-securities-studies\/pdfs\/CSSAnalyse333-FR.pdf\\\">https:\/\/css.ethz.ch\/content\/dam\/ethz\/special-interest\/gess\/cis\/center-for-securities-studies\/pdfs\/CSSAnalyse333-FR.pdf<\/a> \",\"id\":\"9ad896b4-1d5a-4869-bb2c-d78ef451317f\"},{\"content\":\"<a href=\\\"https:\/\/www.defense.gouv.fr\/comment-france-se-prepare-conflit-spatial\/lespace-nouveau-theatre-conflictualite\\\">https:\/\/www.defense.gouv.fr\/comment-france-se-prepare-conflit-spatial\/lespace-nouveau-theatre-conflictualite <\/a>\",\"id\":\"09053496-686a-4fb3-8694-4ada4f0b2e55\"},{\"content\":\"\u00a0<a href=\\\"https:\/\/swfound.org\/media\/207826\/swf_global_counterspace_capabilities_2024.pdf\\\">https:\/\/swfound.org\/media\/207826\/swf_global_counterspace_capabilities_2024.pdf<\/a>\u00a0\",\"id\":\"9d7c4b62-691b-4df3-8869-ef8d3ca39076\"},{\"content\":\"<a href=\\\"https:\/\/swfound.org\/media\/207826\/swf_global_counterspace_capabilities_2024.pdf\\\">https:\/\/swfound.org\/media\/207826\/swf_global_counterspace_capabilities_2024.pdf<\/a> pp. [03-12], [01-16], [04-04], and [05-01].\",\"id\":\"f63c84c8-e17c-47aa-aaf0-6ebea3a91348\"},{\"content\":\"<a href=\\\"https:\/\/www.archives.defense.gouv.fr\/portail\/actualites2\/florence-parly-devoile-la-strategie-spatiale-francaise-de-defense.html\\\">https:\/\/www.archives.defense.gouv.fr\/portail\/actualites2\/florence-parly-devoile-la-strategie-spatiale-francaise-de-defense.html <\/a>\",\"id\":\"c3b88a5d-1e75-4513-86f7-6844ecae063b\"},{\"content\":\"<a href=\\\"https:\/\/www.defense.gouv.fr\/comment-france-se-prepare-conflit-spatial\/ares-dga-prepare-notre-maitrise-lespace\\\">https:\/\/www.defense.gouv.fr\/comment-france-se-prepare-conflit-spatial\/ares-dga-prepare-notre-maitrise-lespace <\/a>\",\"id\":\"c2e84117-dadf-47a6-bc16-0f432a821d04\"},{\"content\":\"<a href=\\\"https:\/\/www.legifrance.gouv.fr\/loda\/id\/JORFTEXT000039060428\/\\\">https:\/\/www.legifrance.gouv.fr\/loda\/id\/JORFTEXT000039060428\/<\/a>\",\"id\":\"22c033cc-7db0-4103-b60f-fbe9c2038382\"},{\"content\":\"<a href=\\\"https:\/\/www.defense.gouv.fr\/aid\/actualites\/spatial-lagence-linnovation-defense-notifie-u-space-realisation-dune-demonstration-dactions-orbite\\\">https:\/\/www.defense.gouv.fr\/aid\/actualites\/spatial-lagence-linnovation-defense-notifie-u-space-realisation-dune-demonstration-dactions-orbite<\/a>\",\"id\":\"05ec7160-bc09-4ee2-9d72-a2e49c2e40ec\"},{\"content\":\"<a href=\\\"https:\/\/www.defense.gouv.fr\/actualites\/france-rejoint-force-multinationale-operation-olympic-defender\\\">https:\/\/www.defense.gouv.fr\/actualites\/france-rejoint-force-multinationale-operation-olympic-defender<\/a>\",\"id\":\"69d94e7c-74b5-442f-addb-29af243103c9\"},{\"content\":\"<a href=\\\"https:\/\/www.icrc.org\/fr\/droit-et-politique\/operations-militaires-dans-espace\\\">https:\/\/www.icrc.org\/fr\/droit-et-politique\/operations-militaires-dans-espace<\/a>\",\"id\":\"8ed2d0d7-2b32-46a3-a9a8-1216cc671571\"},{\"content\":\"<a href=\\\"https:\/\/academic.oup.com\/psq\/article-abstract\/135\/2\/341\/6848549?login=false\\\">https:\/\/academic.oup.com\/psq\/article-abstract\/135\/2\/341\/6848549?login=false <\/a>\",\"id\":\"52d8b403-3570-4d47-8e4c-9deb5c59c8b3\"},{\"content\":\"<a href=\\\"https:\/\/www.esa.int\/Space_Safety\/Space_Debris\/ESA_Space_Environment_Report_2024\\\">https:\/\/www.esa.int\/Space_Safety\/Space_Debris\/ESA_Space_Environment_Report_2024 <\/a>\",\"id\":\"c1576003-6bb2-42e1-bce6-c570c94e0f83\"},{\"content\":\"<a href=\\\"https:\/\/www.defense.gouv.fr\/ministere\/politique-defense\/loi-programmation-militaire-2024-2030\\\">https:\/\/www.defense.gouv.fr\/ministere\/politique-defense\/loi-programmation-militaire-2024-2030<\/a>\",\"id\":\"e45d651e-fd5e-47cf-b808-b088ef9c0b0c\"}]"},"categories":[14],"tags":[34],"class_list":["post-1333","post","type-post","status-publish","format-standard","has-post-thumbnail","hentry","category-analyses","tag-gt-gouvernance"],"_links":{"self":[{"href":"https:\/\/astres-espace.fr\/index.php\/wp-json\/wp\/v2\/posts\/1333","targetHints":{"allow":["GET"]}}],"collection":[{"href":"https:\/\/astres-espace.fr\/index.php\/wp-json\/wp\/v2\/posts"}],"about":[{"href":"https:\/\/astres-espace.fr\/index.php\/wp-json\/wp\/v2\/types\/post"}],"author":[{"embeddable":true,"href":"https:\/\/astres-espace.fr\/index.php\/wp-json\/wp\/v2\/users\/1"}],"replies":[{"embeddable":true,"href":"https:\/\/astres-espace.fr\/index.php\/wp-json\/wp\/v2\/comments?post=1333"}],"version-history":[{"count":7,"href":"https:\/\/astres-espace.fr\/index.php\/wp-json\/wp\/v2\/posts\/1333\/revisions"}],"predecessor-version":[{"id":1645,"href":"https:\/\/astres-espace.fr\/index.php\/wp-json\/wp\/v2\/posts\/1333\/revisions\/1645"}],"wp:featuredmedia":[{"embeddable":true,"href":"https:\/\/astres-espace.fr\/index.php\/wp-json\/wp\/v2\/media\/1647"}],"wp:attachment":[{"href":"https:\/\/astres-espace.fr\/index.php\/wp-json\/wp\/v2\/media?parent=1333"}],"wp:term":[{"taxonomy":"category","embeddable":true,"href":"https:\/\/astres-espace.fr\/index.php\/wp-json\/wp\/v2\/categories?post=1333"},{"taxonomy":"post_tag","embeddable":true,"href":"https:\/\/astres-espace.fr\/index.php\/wp-json\/wp\/v2\/tags?post=1333"}],"curies":[{"name":"wp","href":"https:\/\/api.w.org\/{rel}","templated":true}]}}