{"id":1297,"date":"2024-06-30T09:53:00","date_gmt":"2024-06-30T09:53:00","guid":{"rendered":"https:\/\/astres-espace.fr\/?p=1297"},"modified":"2026-01-03T10:37:29","modified_gmt":"2026-01-03T09:37:29","slug":"la-fete-du-spatial","status":"publish","type":"post","link":"https:\/\/astres-espace.fr\/index.php\/la-fete-du-spatial\/","title":{"rendered":"La F\u00eate du Spatial"},"content":{"rendered":"\n<p>Hier lors de notre F\u00eate du Spatial organis\u00e9e en marge des Assises du NewSpace gr\u00e2ce notre partenaire la <a href=\"https:\/\/www.linkedin.com\/company\/fondation-ailes-de-france\/\">Fondation Ailes de France<\/a>, ASTRES a f\u00eat\u00e9 ses 1 an.<\/p>\n\n\n\n<p>L\u2019\u00e9cosyst\u00e8me spatial fran\u00e7ais a \u00e9t\u00e9 au rendez-vous : \u00e0 l\u2019image de notre ambition, cette soir\u00e9e comptait \u00e9tudiants, jeunes entrepreneurs, experts, institutionnels du spatial, ainsi que quelques curieux d\u2019autres domaines !<\/p>\n\n\n\n<p>Lors d\u2019un discours de nos pr\u00e9sidente et vice-pr\u00e9sidente, furent rappel\u00e9es quelques unes de nos r\u00e9ussites de cette ann\u00e9e : allant de tables rondes de haut niveau, jusqu\u2019au cycle de webinaire sur la coop\u00e9ration franco-africaine dans le secteur spatial, en passant par un rapport sur l\u2019autonomie strat\u00e9gique fran\u00e7aise et europ\u00e9enne dans le spatial \u00e0 horizon 2040 et tant d\u2019autres !<\/p>\n\n\n\n<figure class=\"wp-block-image size-large\"><img loading=\"lazy\" decoding=\"async\" width=\"1170\" height=\"659\" src=\"https:\/\/astres-espace.fr\/wp-content\/uploads\/2025\/01\/1719474031258-edited.jpg\" alt=\"\" class=\"wp-image-1300\" srcset=\"https:\/\/astres-espace.fr\/wp-content\/uploads\/2025\/01\/1719474031258-edited.jpg 1170w, https:\/\/astres-espace.fr\/wp-content\/uploads\/2025\/01\/1719474031258-edited-300x169.jpg 300w, https:\/\/astres-espace.fr\/wp-content\/uploads\/2025\/01\/1719474031258-edited-1024x577.jpg 1024w, https:\/\/astres-espace.fr\/wp-content\/uploads\/2025\/01\/1719474031258-edited-768x433.jpg 768w\" sizes=\"auto, (max-width: 1170px) 100vw, 1170px\" \/><\/figure>\n\n\n\n<p>Nous sommes extr\u00eamement fiers du chemin parcouru et tenions \u00e0 remercier nos partenaires : la <a href=\"https:\/\/www.linkedin.com\/company\/fondation-ailes-de-france\/\">Fondation Ailes de France<\/a>, le <a href=\"https:\/\/www.linkedin.com\/company\/le-cesa\/\">Centre d\u2019\u00e9tudes strat\u00e9giques a\u00e9rospatiales-CESA<\/a>, <a href=\"https:\/\/www.linkedin.com\/company\/lesassisesdunewspace\/\">\u2605 Les Assises du NewSpace \u2605<\/a>, le <a href=\"https:\/\/www.linkedin.com\/company\/medef-international\/\">MEDEF International<\/a>, <a href=\"https:\/\/www.linkedin.com\/company\/jeunes-ihedn\/\">Les Jeunes IHEDN<\/a>, le <a href=\"https:\/\/www.linkedin.com\/company\/cmqe-a%C3%A9ronautique-spatial-aerocampus-nouvelle-aquitaine\/\">CMQE A\u00e9ronautique &amp; Spatial AEROCAMPUS Nouvelle-Aquitaine<\/a>, <a href=\"https:\/\/www.linkedin.com\/company\/defense-angels\/\">D\u00e9fense Angels<\/a>, et <a href=\"https:\/\/www.linkedin.com\/company\/spaceinternationalmag\/\">SPACE International<\/a> pour leur confiance et leur soutien !<br><br>Last but not least, un grand merci \u00e0 nos membres sans qui l\u2019association ne serait rien. Seul on va vite, ensemble on va plus loin <\/p>\n\n\n\n<figure class=\"wp-block-gallery has-nested-images columns-default is-cropped wp-block-gallery-1 is-layout-flex wp-block-gallery-is-layout-flex\">\n<figure class=\"wp-block-image size-large\"><img loading=\"lazy\" decoding=\"async\" width=\"1024\" height=\"768\" data-id=\"1301\" src=\"https:\/\/astres-espace.fr\/wp-content\/uploads\/2025\/01\/1719474031436-1024x768.jpg\" alt=\"\" class=\"wp-image-1301\" srcset=\"https:\/\/astres-espace.fr\/wp-content\/uploads\/2025\/01\/1719474031436-1024x768.jpg 1024w, https:\/\/astres-espace.fr\/wp-content\/uploads\/2025\/01\/1719474031436-300x225.jpg 300w, https:\/\/astres-espace.fr\/wp-content\/uploads\/2025\/01\/1719474031436-768x576.jpg 768w, https:\/\/astres-espace.fr\/wp-content\/uploads\/2025\/01\/1719474031436.jpg 1170w\" sizes=\"auto, (max-width: 1024px) 100vw, 1024px\" \/><\/figure>\n\n\n\n<figure class=\"wp-block-image size-large\"><img loading=\"lazy\" decoding=\"async\" width=\"1024\" height=\"768\" data-id=\"1302\" src=\"https:\/\/astres-espace.fr\/wp-content\/uploads\/2025\/01\/1719474030981-1024x768.jpg\" alt=\"\" class=\"wp-image-1302\" srcset=\"https:\/\/astres-espace.fr\/wp-content\/uploads\/2025\/01\/1719474030981-1024x768.jpg 1024w, https:\/\/astres-espace.fr\/wp-content\/uploads\/2025\/01\/1719474030981-300x225.jpg 300w, https:\/\/astres-espace.fr\/wp-content\/uploads\/2025\/01\/1719474030981-768x576.jpg 768w, https:\/\/astres-espace.fr\/wp-content\/uploads\/2025\/01\/1719474030981.jpg 1170w\" sizes=\"auto, (max-width: 1024px) 100vw, 1024px\" \/><\/figure>\n\n\n\n<figure class=\"wp-block-image size-large\"><img loading=\"lazy\" decoding=\"async\" width=\"1024\" height=\"768\" data-id=\"1303\" src=\"https:\/\/astres-espace.fr\/wp-content\/uploads\/2025\/01\/1719474030466-1-1024x768.jpg\" alt=\"\" class=\"wp-image-1303\" srcset=\"https:\/\/astres-espace.fr\/wp-content\/uploads\/2025\/01\/1719474030466-1-1024x768.jpg 1024w, https:\/\/astres-espace.fr\/wp-content\/uploads\/2025\/01\/1719474030466-1-300x225.jpg 300w, https:\/\/astres-espace.fr\/wp-content\/uploads\/2025\/01\/1719474030466-1-768x576.jpg 768w, https:\/\/astres-espace.fr\/wp-content\/uploads\/2025\/01\/1719474030466-1.jpg 1170w\" sizes=\"auto, (max-width: 1024px) 100vw, 1024px\" \/><\/figure>\n<\/figure>\n\n\n\n<p><\/p>\n","protected":false},"excerpt":{"rendered":"<p>Hier lors de notre F\u00eate du Spatial organis\u00e9e en marge des Assises du NewSpace gr\u00e2ce notre partenaire la Fondation Ailes de France, ASTRES a f\u00eat\u00e9 ses 1 an. L\u2019\u00e9cosyst\u00e8me spatial fran\u00e7ais a \u00e9t\u00e9 au rendez-vous : \u00e0 l\u2019image de notre ambition, cette soir\u00e9e comptait \u00e9tudiants, jeunes entrepreneurs, experts, institutionnels du spatial, ainsi que quelques curieux [&hellip;]<\/p>\n","protected":false},"author":1,"featured_media":1304,"comment_status":"open","ping_status":"open","sticky":false,"template":"","format":"standard","meta":{"footnotes":""},"categories":[15],"tags":[],"class_list":["post-1297","post","type-post","status-publish","format-standard","has-post-thumbnail","hentry","category-evenements"],"_links":{"self":[{"href":"https:\/\/astres-espace.fr\/index.php\/wp-json\/wp\/v2\/posts\/1297","targetHints":{"allow":["GET"]}}],"collection":[{"href":"https:\/\/astres-espace.fr\/index.php\/wp-json\/wp\/v2\/posts"}],"about":[{"href":"https:\/\/astres-espace.fr\/index.php\/wp-json\/wp\/v2\/types\/post"}],"author":[{"embeddable":true,"href":"https:\/\/astres-espace.fr\/index.php\/wp-json\/wp\/v2\/users\/1"}],"replies":[{"embeddable":true,"href":"https:\/\/astres-espace.fr\/index.php\/wp-json\/wp\/v2\/comments?post=1297"}],"version-history":[{"count":1,"href":"https:\/\/astres-espace.fr\/index.php\/wp-json\/wp\/v2\/posts\/1297\/revisions"}],"predecessor-version":[{"id":1305,"href":"https:\/\/astres-espace.fr\/index.php\/wp-json\/wp\/v2\/posts\/1297\/revisions\/1305"}],"wp:featuredmedia":[{"embeddable":true,"href":"https:\/\/astres-espace.fr\/index.php\/wp-json\/wp\/v2\/media\/1304"}],"wp:attachment":[{"href":"https:\/\/astres-espace.fr\/index.php\/wp-json\/wp\/v2\/media?parent=1297"}],"wp:term":[{"taxonomy":"category","embeddable":true,"href":"https:\/\/astres-espace.fr\/index.php\/wp-json\/wp\/v2\/categories?post=1297"},{"taxonomy":"post_tag","embeddable":true,"href":"https:\/\/astres-espace.fr\/index.php\/wp-json\/wp\/v2\/tags?post=1297"}],"curies":[{"name":"wp","href":"https:\/\/api.w.org\/{rel}","templated":true}]}}