{"id":1073,"date":"2024-09-09T21:14:12","date_gmt":"2024-09-09T21:14:12","guid":{"rendered":"https:\/\/astres-espace.fr\/?p=1073"},"modified":"2026-01-03T10:32:34","modified_gmt":"2026-01-03T09:32:34","slug":"notre-contribution-a-space-international","status":"publish","type":"post","link":"https:\/\/astres-espace.fr\/index.php\/notre-contribution-a-space-international\/","title":{"rendered":"Notre contribution \u00e0 Space International"},"content":{"rendered":"\n<p>Le magazine sp\u00e9cialis\u00e9 Space International fait la part belle aux r\u00e9flexions de la jeunesse ! Toute l&#8217;ann\u00e9e 2024, vous pouvez lire les r\u00e9sultats de nos travaux interGT, gr\u00e2ce \u00e0 la confiance du r\u00e9dacteur en chef Benoist Bihan et l&#8217;ensemble de l&#8217;\u00e9quipe de Space International.<\/p>\n\n\n\n<figure class=\"wp-block-image size-large\"><img loading=\"lazy\" decoding=\"async\" width=\"1024\" height=\"649\" src=\"https:\/\/astres-espace.fr\/wp-content\/uploads\/2024\/09\/WhatsApp-Image-2024-09-09-at-23.05.55-1024x649.jpeg\" alt=\"\" class=\"wp-image-1077\" srcset=\"https:\/\/astres-espace.fr\/wp-content\/uploads\/2024\/09\/WhatsApp-Image-2024-09-09-at-23.05.55-1024x649.jpeg 1024w, https:\/\/astres-espace.fr\/wp-content\/uploads\/2024\/09\/WhatsApp-Image-2024-09-09-at-23.05.55-300x190.jpeg 300w, https:\/\/astres-espace.fr\/wp-content\/uploads\/2024\/09\/WhatsApp-Image-2024-09-09-at-23.05.55-768x487.jpeg 768w, https:\/\/astres-espace.fr\/wp-content\/uploads\/2024\/09\/WhatsApp-Image-2024-09-09-at-23.05.55-1536x974.jpeg 1536w, https:\/\/astres-espace.fr\/wp-content\/uploads\/2024\/09\/WhatsApp-Image-2024-09-09-at-23.05.55.jpeg 1651w\" sizes=\"auto, (max-width: 1024px) 100vw, 1024px\" \/><figcaption class=\"wp-element-caption\">de gauche \u00e0 droite: L\u00e9o Henquinet, Alix Guign\u00e9, Charlotte Berthoumieux<\/figcaption><\/figure>\n\n\n\n<p>La collaboration initi\u00e9e en juin 2023 a sembl\u00e9 \u00e9vidente. N\u00e9s tous deux en mars, Space International et ASTRES partagent la vision d&#8217;un secteur spatial en pleine expansion, dont les aspects g\u00e9opolitiques et strat\u00e9giques r\u00e9clament plus d&#8217;attention que jamais. Il fut donc convenu lors des Assises du New Space &#8211; Saison 2, de mettre en lumi\u00e8re les r\u00e9flexions de la jeune g\u00e9n\u00e9ration autour des th\u00e8mes suivants:<\/p>\n\n\n\n<ul class=\"wp-block-list\">\n<li><strong>Comment d\u00e9velopper et structurer un Conseil National de l\u2019Espace en France ?<\/strong><\/li>\n\n\n\n<li><strong>Comment soutenir l&#8217;industrie spatiale fran\u00e7aise et europ\u00e9enne d&#8217;ici 2040 ?<\/strong><\/li>\n\n\n\n<li><strong>Quelles perspectives d\u2019\u00e9volution des alliances spatiales \u00e0 l\u2019\u00e9preuve des transformations g\u00e9opolitiques ?<\/strong><\/li>\n<\/ul>\n\n\n\n<p>Le num\u00e9ro 5 comprend donc une interview de la co-fondatrice et pr\u00e9sidente d&#8217;ASTRES, Sabrina Barr\u00e9, pour retracer la gen\u00e8se et les ambitions du collectif, ainsi que le premier article sur les fondements d&#8217;un Conseil National de l&#8217;Espace. Dans notre prospective, le Conseil National de l&#8217;Espace devient l&#8217;organe interminist\u00e9riel principal de coordination et de d\u00e9cision pour la mise en \u0153uvre d&#8217;une strat\u00e9gie spatiale fran\u00e7aise ambitieuse.<\/p>\n\n\n\n<p>En juin, vous trouverez dans le num\u00e9ro 6 les travaux sur la souverainet\u00e9 industrielle spatiale. L&#8217;occasion de revenir sur la table-ronde organis\u00e9e \u00e0 la Sorbonne Nouvelle, &#8220;la culture du spatial dans notre quotidien et dans le futur de l\u2019entreprise&#8221; avec Fran\u00e7ois Buffenoir, Alban Guyomarc&#8217;h et Mathieu Luinaud. <\/p>\n\n\n\n<p>Nos derni\u00e8res r\u00e9flexions sortiront dans le prochain num\u00e9ro, en attendant \u00e0 vos kiosques ! Vous pouvez aussi commander Space International <a href=\"https:\/\/www.areion24.news\/categorie-produit\/numeros-space-international\/\">ici<\/a>.<\/p>\n\n\n\n<p>F\u00e9licitations \u00e0 tous les participants aux projets interGT, avec une mention sp\u00e9ciale pour L\u00e9o Henquinet (projet Conseil National de l&#8217;Espace), Alix Guign\u00e9 et Washington George (projet Soutien \u00e0 l&#8217;industrie) et Barnab\u00e9 Andrieu-Coster (projet Alliances continentales), pour leur travail tout au long de l&#8217;ann\u00e9e. <\/p>\n\n\n\n<p>Un grand merci \u00e0 Benoist Bihan et aux \u00e9quipes de Space International pour l&#8217;opportunit\u00e9 exceptionnelle et leur confiance d\u00e8s les premiers jours.<\/p>\n\n\n\n<div class=\"wp-block-columns is-layout-flex wp-container-core-columns-is-layout-28f84493 wp-block-columns-is-layout-flex\">\n<div class=\"wp-block-column is-layout-flow wp-block-column-is-layout-flow\" style=\"flex-basis:85%\">\n<figure class=\"wp-block-image size-large\"><img loading=\"lazy\" decoding=\"async\" width=\"1024\" height=\"768\" src=\"https:\/\/astres-espace.fr\/wp-content\/uploads\/2024\/09\/WhatsApp-Image-2024-09-09-at-23.05.55-1-1024x768.jpeg\" alt=\"\" class=\"wp-image-1078\" srcset=\"https:\/\/astres-espace.fr\/wp-content\/uploads\/2024\/09\/WhatsApp-Image-2024-09-09-at-23.05.55-1-1024x768.jpeg 1024w, https:\/\/astres-espace.fr\/wp-content\/uploads\/2024\/09\/WhatsApp-Image-2024-09-09-at-23.05.55-1-300x225.jpeg 300w, https:\/\/astres-espace.fr\/wp-content\/uploads\/2024\/09\/WhatsApp-Image-2024-09-09-at-23.05.55-1-768x576.jpeg 768w, https:\/\/astres-espace.fr\/wp-content\/uploads\/2024\/09\/WhatsApp-Image-2024-09-09-at-23.05.55-1-1536x1152.jpeg 1536w, https:\/\/astres-espace.fr\/wp-content\/uploads\/2024\/09\/WhatsApp-Image-2024-09-09-at-23.05.55-1.jpeg 2040w\" sizes=\"auto, (max-width: 1024px) 100vw, 1024px\" \/><\/figure>\n<\/div>\n\n\n\n<div class=\"wp-block-column is-layout-flow wp-block-column-is-layout-flow\" style=\"flex-basis:50%\">\n<figure class=\"wp-block-image size-large is-resized\"><img loading=\"lazy\" decoding=\"async\" width=\"768\" height=\"1024\" src=\"https:\/\/astres-espace.fr\/wp-content\/uploads\/2024\/09\/1719585291791-1-768x1024.jpg\" alt=\"\" class=\"wp-image-1082\" style=\"width:254px;height:auto\" srcset=\"https:\/\/astres-espace.fr\/wp-content\/uploads\/2024\/09\/1719585291791-1-768x1024.jpg 768w, https:\/\/astres-espace.fr\/wp-content\/uploads\/2024\/09\/1719585291791-1-225x300.jpg 225w, https:\/\/astres-espace.fr\/wp-content\/uploads\/2024\/09\/1719585291791-1-1152x1536.jpg 1152w, https:\/\/astres-espace.fr\/wp-content\/uploads\/2024\/09\/1719585291791-1.jpg 1280w\" sizes=\"auto, (max-width: 768px) 100vw, 768px\" \/><\/figure>\n<\/div>\n<\/div>\n","protected":false},"excerpt":{"rendered":"<p>Le magazine sp\u00e9cialis\u00e9 Space International fait la part belle aux r\u00e9flexions de la jeunesse ! Toute l&#8217;ann\u00e9e 2024, vous pouvez lire les r\u00e9sultats de nos travaux interGT, gr\u00e2ce \u00e0 la confiance du r\u00e9dacteur en chef Benoist Bihan et l&#8217;ensemble de l&#8217;\u00e9quipe de Space International. La collaboration initi\u00e9e en juin 2023 a sembl\u00e9 \u00e9vidente. N\u00e9s tous [&hellip;]<\/p>\n","protected":false},"author":1,"featured_media":1080,"comment_status":"open","ping_status":"open","sticky":false,"template":"","format":"standard","meta":{"footnotes":""},"categories":[32],"tags":[],"class_list":["post-1073","post","type-post","status-publish","format-standard","has-post-thumbnail","hentry","category-a-propos-de-lassociation"],"_links":{"self":[{"href":"https:\/\/astres-espace.fr\/index.php\/wp-json\/wp\/v2\/posts\/1073","targetHints":{"allow":["GET"]}}],"collection":[{"href":"https:\/\/astres-espace.fr\/index.php\/wp-json\/wp\/v2\/posts"}],"about":[{"href":"https:\/\/astres-espace.fr\/index.php\/wp-json\/wp\/v2\/types\/post"}],"author":[{"embeddable":true,"href":"https:\/\/astres-espace.fr\/index.php\/wp-json\/wp\/v2\/users\/1"}],"replies":[{"embeddable":true,"href":"https:\/\/astres-espace.fr\/index.php\/wp-json\/wp\/v2\/comments?post=1073"}],"version-history":[{"count":4,"href":"https:\/\/astres-espace.fr\/index.php\/wp-json\/wp\/v2\/posts\/1073\/revisions"}],"predecessor-version":[{"id":1084,"href":"https:\/\/astres-espace.fr\/index.php\/wp-json\/wp\/v2\/posts\/1073\/revisions\/1084"}],"wp:featuredmedia":[{"embeddable":true,"href":"https:\/\/astres-espace.fr\/index.php\/wp-json\/wp\/v2\/media\/1080"}],"wp:attachment":[{"href":"https:\/\/astres-espace.fr\/index.php\/wp-json\/wp\/v2\/media?parent=1073"}],"wp:term":[{"taxonomy":"category","embeddable":true,"href":"https:\/\/astres-espace.fr\/index.php\/wp-json\/wp\/v2\/categories?post=1073"},{"taxonomy":"post_tag","embeddable":true,"href":"https:\/\/astres-espace.fr\/index.php\/wp-json\/wp\/v2\/tags?post=1073"}],"curies":[{"name":"wp","href":"https:\/\/api.w.org\/{rel}","templated":true}]}}